{"id":24673,"date":"2026-09-01T02:42:17","date_gmt":"2026-09-01T02:42:17","guid":{"rendered":"https:\/\/infozamoraec.com\/?p=24673"},"modified":"2026-09-01T02:42:17","modified_gmt":"2026-09-01T02:42:17","slug":"juntos-podemos-presenta-a-sus-candidatos-y-plantea-una-agenda-de-desarrollo-para-zamora-chinchipe","status":"publish","type":"post","link":"https:\/\/infozamoraec.com\/index.php\/2026\/09\/01\/juntos-podemos-presenta-a-sus-candidatos-y-plantea-una-agenda-de-desarrollo-para-zamora-chinchipe\/","title":{"rendered":"Juntos Podemos presenta a sus candidatos y plantea una agenda de desarrollo para Zamora Chinchipe"},"content":{"rendered":"<p>La Alianza Provincial Juntos Podemos realiz\u00f3 el pasado viernes 28 de agosto una jornada de capacitaci\u00f3n dirigida a sus candidatos a las diferentes dignidades de elecci\u00f3n popular en la provincia\u00a0 de\u00a0 Zamora Chinchipe, como parte de su preparaci\u00f3n para las\u00a0 Seccionales 2027.<\/p>\n<p>La actividad, denominada \u201cJuntos Podemos, Juntos Avanzamos\u201d, reuni\u00f3 a los integrantes de la alianza en una jornada de formaci\u00f3n en la que se abordaron temas relacionados con las competencias de los distintos niveles de gobierno, comunicaci\u00f3n y marketing pol\u00edtico, expresi\u00f3n oral y expresi\u00f3n corporal.<\/p>\n<p>Seg\u00fan la organizaci\u00f3n pol\u00edtica, el objetivo fue proporcionar herramientas a los candidatos para que conozcan las atribuciones de las dignidades a las que aspiran y puedan estructurar propuestas de acuerdo con las competencias establecidas para cada nivel de gobierno.<\/p>\n<p>Como parte de la jornada tambi\u00e9n se desarroll\u00f3 una rueda de prensa en la que fueron presentados oficialmente los candidatos a las alcald\u00edas que forman parte de la alianza. Por el cant\u00f3n Zamora participa Wilman Rodr\u00edguez; por Yacuambi, A\u00edda Sarango; por Palanda, Carlos Mej\u00eda; por El Pangui, Ana Delgado; por Nangaritza, Eduardo Villalta; y por Paquisha, Jhonatan Barros.<\/p>\n<p>En el encuentro tambi\u00e9n participaron Cl\u00e9ver Jim\u00e9nez y Eliza Medina, integrantes del binomio de Juntos Podemos para la Prefectura de Zamora Chinchipe.<\/p>\n<p>Durante su intervenci\u00f3n, Jim\u00e9nez destac\u00f3 la preparaci\u00f3n y trayectoria de los candidatos que integran la alianza y se\u00f1al\u00f3 que el prop\u00f3sito es conformar equipos capaces de asumir responsabilidades en los gobiernos locales y provincial.<\/p>\n<p>El candidato a la Prefectura tambi\u00e9n expuso parte de la visi\u00f3n de la alianza para Zamora Chinchipe, con \u00e9nfasis en el fortalecimiento de la producci\u00f3n, la industria y el sector agropecuario, adem\u00e1s de la vialidad y conectividad provincial como elementos vinculados al transporte de productos, la comercializaci\u00f3n y la generaci\u00f3n de oportunidades econ\u00f3micas.<\/p>\n<p>Los candidatos a las alcald\u00edas coincidieron en la necesidad de fortalecer la coordinaci\u00f3n entre los municipios y la Prefectura para ejecutar proyectos de manera articulada y atender necesidades comunes de los cantones.<\/p>\n<p>La jornada combin\u00f3 capacitaci\u00f3n, presentaci\u00f3n de candidaturas e intercambio de criterios sobre las propuestas que la alianza busca impulsar en los diferentes territorios de Zamora Chinchipe.<\/p>\n<p>Con esta actividad, Juntos Podemos avanza en la organizaci\u00f3n y preparaci\u00f3n de sus candidatos y estructura pol\u00edtica de cara al proceso electoral seccional de 2027.<\/p>\n","protected":false},"excerpt":{"rendered":"<p>La Alianza Provincial Juntos Podemos realiz\u00f3 el pasado viernes 28 de agosto una jornada de capacitaci\u00f3n dirigida a sus candidatos a las diferentes dignidades de elecci\u00f3n popular en la provincia\u00a0 de\u00a0 Zamora Chinchipe, como parte de su preparaci\u00f3n para las\u00a0 Seccionales 2027. La actividad, denominada \u201cJuntos Podemos, Juntos Avanzamos\u201d, reuni\u00f3 a los integrantes de la [&hellip;]<\/p>\n","protected":false},"author":1,"featured_media":24696,"comment_status":"open","ping_status":"open","sticky":false,"template":"","format":"standard","meta":{"footnotes":""},"categories":[9],"tags":[],"_links":{"self":[{"href":"https:\/\/infozamoraec.com\/index.php\/wp-json\/wp\/v2\/posts\/24673"}],"collection":[{"href":"https:\/\/infozamoraec.com\/index.php\/wp-json\/wp\/v2\/posts"}],"about":[{"href":"https:\/\/infozamoraec.com\/index.php\/wp-json\/wp\/v2\/types\/post"}],"author":[{"embeddable":true,"href":"https:\/\/infozamoraec.com\/index.php\/wp-json\/wp\/v2\/users\/1"}],"replies":[{"embeddable":true,"href":"https:\/\/infozamoraec.com\/index.php\/wp-json\/wp\/v2\/comments?post=24673"}],"version-history":[{"count":1,"href":"https:\/\/infozamoraec.com\/index.php\/wp-json\/wp\/v2\/posts\/24673\/revisions"}],"predecessor-version":[{"id":24697,"href":"https:\/\/infozamoraec.com\/index.php\/wp-json\/wp\/v2\/posts\/24673\/revisions\/24697"}],"wp:featuredmedia":[{"embeddable":true,"href":"https:\/\/infozamoraec.com\/index.php\/wp-json\/wp\/v2\/media\/24696"}],"wp:attachment":[{"href":"https:\/\/infozamoraec.com\/index.php\/wp-json\/wp\/v2\/media?parent=24673"}],"wp:term":[{"taxonomy":"category","embeddable":true,"href":"https:\/\/infozamoraec.com\/index.php\/wp-json\/wp\/v2\/categories?post=24673"},{"taxonomy":"post_tag","embeddable":true,"href":"https:\/\/infozamoraec.com\/index.php\/wp-json\/wp\/v2\/tags?post=24673"}],"curies":[{"name":"wp","href":"https:\/\/api.w.org\/{rel}","templated":true}]}}