{"id":2434,"date":"2024-04-10T00:50:50","date_gmt":"2024-04-10T00:50:50","guid":{"rendered":"https:\/\/infozamoraec.com\/?p=2434"},"modified":"2024-04-10T00:50:50","modified_gmt":"2024-04-10T00:50:50","slug":"ecuador-acusa-a-mexico-en-la-oea-de-promover-la-impunidad-de-glas","status":"publish","type":"post","link":"https:\/\/infozamoraec.com\/index.php\/2024\/04\/10\/ecuador-acusa-a-mexico-en-la-oea-de-promover-la-impunidad-de-glas\/","title":{"rendered":"Ecuador acusa a M\u00e9xico, en la OEA, de promover la impunidad de Glas"},"content":{"rendered":"<p>El Gobierno de Ecuador se defendi\u00f3 este martes ante la\u00a0<strong><a title=\"Jorge Glas\" href=\"https:\/\/twitter.com\/OEA_oficial\" target=\"_blank\" rel=\"noopener\">Organizaci\u00f3n de los Estados Americanos<\/a><\/strong>\u00a0(OEA) y justific\u00f3 el in\u00e9dito asalto policial de la Embajada mexicana en Quito acusando a M\u00e9xico de promover la impunidad por haber refugiado al exvicepresidente ecuatoriano\u00a0<strong><a title=\"Jorge Glas\" href=\"https:\/\/es.wikipedia.org\/wiki\/Jorge_Glas\" target=\"_blank\" rel=\"noopener\">Jorge Glas<\/a><\/strong>.<\/p>\n<div class=\"mh-content-ad\"><ins id=\"revive-0-2\" data-revive-zoneid=\"2931\" data-revive-id=\"727bec5e09208690b050ccfc6a45d384\" data-revive-seq=\"2\" data-revive-loaded=\"1\"><\/p>\n<div id=\"beacon_e33f8ae36d\">El viceministro de Movilidad Humana de Ecuador, <strong>Alejandro D\u00e1valos<\/strong>, argument\u00f3 ante el Consejo Permanente de la OEA, con sede en Washington,\u00a0<strong>que M\u00e9xico obstaculiz\u00f3 el \u00abfuncionamiento del sistema judicial ecuatoriano\u00bb al conceder asilo pol\u00edtico a Glas<\/strong>, aliado del expresidente\u00a0<strong>Rafael Correa<\/strong>\u00a0y procesado por corrupci\u00f3n.<\/div>\n<p><\/ins><\/div>\n<p>El pasado viernes en la noche,\u00a0<strong>la Polic\u00eda ecuatoriana irrumpi\u00f3 en la embajada mexicana en Quito para arrestar a Glas<\/strong>, sobre quien pesaba una orden de prisi\u00f3n preventiva por un caso de presunta corrupci\u00f3n.<\/p>\n<p>D\u00e1valos expuso que el Gobierno ecuatoriano, presidido por Daniel Noboa, intent\u00f3 en m\u00faltiples ocasiones comunicarle a M\u00e9xico que Glas era requerido por la Justicia ecuatoriana.<\/p>\n<p><strong>\u00abEsper\u00e1bamos que M\u00e9xico dispusiera la salida de Glas, quien no reun\u00eda los requisitos para el asilo y quien de ninguna manera se puede considerar un perseguido pol\u00edtico\u00bb<\/strong>, subray\u00f3 el funcionario ecuatoriano.<\/p>\n<p>La irrupci\u00f3n de polic\u00edas ecuatorianos en la Embajada mexicana ha sido criticada por varios Gobiernos latinoamericanos, europeos y por el de Estados Unidos, al considerar que vulner\u00f3 la Convenci\u00f3n de Viena sobre Relaciones Diplom\u00e1ticas, que establece que las misiones diplom\u00e1ticas extranjeras son inviolables.<\/p>\n<p>El secretario general de la OEA, Luis Almagro, reiter\u00f3 este martes ante el Consejo Permanente el rechazo por parte de la organizaci\u00f3n panamericana a las acciones de Ecuador y se\u00f1al\u00f3 que lo sucedido en Quito \u00abno puede quedar como precedente\u00bb.<\/p>\n<p><strong>La representante de M\u00e9xico ante el organismo, Luz Elena Ba\u00f1os, no particip\u00f3 en la reuni\u00f3n de emergencia de la OEA de este martes, dado que fue convocada por Ecuador.<\/strong><\/p>\n<p>El mi\u00e9rcoles est\u00e1 prevista otra sesi\u00f3n, esta vez a petici\u00f3n de Colombia y Bolivia, gobiernos cercanos al de L\u00f3pez Obrador, para abordar el asalto a la embajada mexicana. EFE<\/p>\n","protected":false},"excerpt":{"rendered":"<p>El Gobierno de Ecuador se defendi\u00f3 este martes ante la\u00a0Organizaci\u00f3n de los Estados Americanos\u00a0(OEA) y justific\u00f3 el in\u00e9dito asalto policial de la Embajada mexicana en Quito acusando a M\u00e9xico de promover la impunidad por haber refugiado al exvicepresidente ecuatoriano\u00a0Jorge Glas. El viceministro de Movilidad Humana de Ecuador, Alejandro D\u00e1valos, argument\u00f3 ante el Consejo Permanente de [&hellip;]<\/p>\n","protected":false},"author":1,"featured_media":2436,"comment_status":"open","ping_status":"open","sticky":false,"template":"","format":"standard","meta":{"footnotes":""},"categories":[12],"tags":[],"_links":{"self":[{"href":"https:\/\/infozamoraec.com\/index.php\/wp-json\/wp\/v2\/posts\/2434"}],"collection":[{"href":"https:\/\/infozamoraec.com\/index.php\/wp-json\/wp\/v2\/posts"}],"about":[{"href":"https:\/\/infozamoraec.com\/index.php\/wp-json\/wp\/v2\/types\/post"}],"author":[{"embeddable":true,"href":"https:\/\/infozamoraec.com\/index.php\/wp-json\/wp\/v2\/users\/1"}],"replies":[{"embeddable":true,"href":"https:\/\/infozamoraec.com\/index.php\/wp-json\/wp\/v2\/comments?post=2434"}],"version-history":[{"count":2,"href":"https:\/\/infozamoraec.com\/index.php\/wp-json\/wp\/v2\/posts\/2434\/revisions"}],"predecessor-version":[{"id":2438,"href":"https:\/\/infozamoraec.com\/index.php\/wp-json\/wp\/v2\/posts\/2434\/revisions\/2438"}],"wp:featuredmedia":[{"embeddable":true,"href":"https:\/\/infozamoraec.com\/index.php\/wp-json\/wp\/v2\/media\/2436"}],"wp:attachment":[{"href":"https:\/\/infozamoraec.com\/index.php\/wp-json\/wp\/v2\/media?parent=2434"}],"wp:term":[{"taxonomy":"category","embeddable":true,"href":"https:\/\/infozamoraec.com\/index.php\/wp-json\/wp\/v2\/categories?post=2434"},{"taxonomy":"post_tag","embeddable":true,"href":"https:\/\/infozamoraec.com\/index.php\/wp-json\/wp\/v2\/tags?post=2434"}],"curies":[{"name":"wp","href":"https:\/\/api.w.org\/{rel}","templated":true}]}}