{"id":2421,"date":"2024-04-10T00:48:05","date_gmt":"2024-04-10T00:48:05","guid":{"rendered":"https:\/\/infozamoraec.com\/?p=2421"},"modified":"2024-04-10T00:48:35","modified_gmt":"2024-04-10T00:48:35","slug":"la-casa-blanca-condena-el-asalto-a-la-embajada-de-mexico-tras-ver-los-videos","status":"publish","type":"post","link":"https:\/\/infozamoraec.com\/index.php\/2024\/04\/10\/la-casa-blanca-condena-el-asalto-a-la-embajada-de-mexico-tras-ver-los-videos\/","title":{"rendered":"La Casa Blanca condena el asalto a la embajada de M\u00e9xico tras ver los videos"},"content":{"rendered":"<p>La Casa Blanca subi\u00f3 este martes el tono y conden\u00f3 la irrupci\u00f3n de la Polic\u00eda ecuatoriana en la embajada mexicana en Quito, tras haber revisado los videos de las c\u00e1maras de seguridad que las autoridades de M\u00e9xico hicieron p\u00fablicos.<\/p>\n<div class=\"mh-content-ad\">\n<div id=\"beacon_4748742dc3\"><img decoding=\"async\" src=\"https:\/\/servedby.revive-adserver.net\/lg.php?bannerid=0&amp;campaignid=0&amp;zoneid=2931&amp;loc=https%3A%2F%2Fwww.larepublica.ec%2Fblog%2F2024%2F04%2F09%2Fla-casa-blanca-condena-el-asalto-a-la-embajada-de-mexico-tras-ver-los-videos%2F&amp;referer=https%3A%2F%2Fwww.larepublica.ec%2F&amp;cb=4748742dc3\" alt=\"\" width=\"0\" height=\"0\" \/>\u00abCondenamos esta violaci\u00f3n de la Convenci\u00f3n de Viena sobre Relaciones Diplom\u00e1ticas, incluido el uso de la fuerza contra funcionarios de la embajada\u00bb, expres\u00f3 el consejero de Seguridad Nacional de la Casa Blanca, Jake Sullivan, en una rueda de prensa.<\/div>\n<p>El asesor del presidente Joe Biden dijo haber revisado las im\u00e1genes captadas por las c\u00e1maras de seguridad de la embajada de M\u00e9xico en Quito y concluy\u00f3 que las acciones del Gobierno de Ecuador estuvieron \u00abequivocadas\u00bb.<\/p>\n<\/div>\n<p>\u00abEl gobierno ecuatoriano ignor\u00f3 sus obligaciones bajo el derecho internacional como Estado anfitri\u00f3n de respetar la inviolabilidad de las misiones diplom\u00e1ticas y puso en peligro los fundamentos de las normas y relaciones diplom\u00e1ticas b\u00e1sicas\u00bb, critic\u00f3 Sullivan.<\/p>\n<p>Asimismo, el consejero expres\u00f3 su deseo de que las reuniones del Consejo Permanente de la Organizaci\u00f3n de los Estados Americanos (OEA) convocadas esta semana sirvan para encontrar una \u00absoluci\u00f3n diplom\u00e1tica pac\u00edfica\u00bb a la disputa entre ambos pa\u00edses.<\/p>\n<p>Sullivan conden\u00f3 por primera vez de manera directa las acciones del Gobierno ecuatoriano, dado que hasta ahora el Departamento de Estado se hab\u00eda limitado a condenar \u00abcualquier violaci\u00f3n de la Convenci\u00f3n de Viena\u00bb y a subrayar que Estados Unidos se toma \u00abmuy en serio\u00bb las obligaciones de respetar la inviolabilidad de las misiones diplom\u00e1ticas.<\/p>\n<p>Este mismo martes, el presidente mexicano, Andr\u00e9s Manuel L\u00f3pez Obrador, hab\u00eda acusado a Estados Unidos y a Canad\u00e1 de haber adoptado una \u00abpostura ambigua\u00bb.<\/p>\n<p>Los hechos ocurrieron el pasado viernes por la noche, cuando, por orden del presidente ecuatoriano, Daniel Noboa, la Polic\u00eda del pa\u00eds irrumpi\u00f3 en la embajada mexicana para arrestar a Jorge Glas, exvicepresidente de Rafael Correa procesado por corrupci\u00f3n y quien hab\u00eda pedido asilo pol\u00edtico a M\u00e9xico.<\/p>\n<p>Las c\u00e1maras de seguridad muestran c\u00f3mo los polic\u00edas apuntaron con una pistola a Roberto Canseco, encargado de la misi\u00f3n diplom\u00e1tica, mientras se llevaban a Glas cargando.<\/p>\n<p>Los hechos fueron condenados por buena parte de los gobiernos latinoamericanos y europeos porque suponen una vulneraci\u00f3n de la Convenci\u00f3n de Viena, que estipula que las embajadas son inviolables.<\/p>\n<p>Por su parte, Ecuador acusa a M\u00e9xico de haber violado los tratados internacionales sobre el derecho al asilo al haber refugiado a una persona procesada por corrupci\u00f3n. EFE<\/p>\n","protected":false},"excerpt":{"rendered":"<p>La Casa Blanca subi\u00f3 este martes el tono y conden\u00f3 la irrupci\u00f3n de la Polic\u00eda ecuatoriana en la embajada mexicana en Quito, tras haber revisado los videos de las c\u00e1maras de seguridad que las autoridades de M\u00e9xico hicieron p\u00fablicos. \u00abCondenamos esta violaci\u00f3n de la Convenci\u00f3n de Viena sobre Relaciones Diplom\u00e1ticas, incluido el uso de la [&hellip;]<\/p>\n","protected":false},"author":1,"featured_media":2430,"comment_status":"open","ping_status":"open","sticky":false,"template":"","format":"standard","meta":{"footnotes":""},"categories":[12],"tags":[],"_links":{"self":[{"href":"https:\/\/infozamoraec.com\/index.php\/wp-json\/wp\/v2\/posts\/2421"}],"collection":[{"href":"https:\/\/infozamoraec.com\/index.php\/wp-json\/wp\/v2\/posts"}],"about":[{"href":"https:\/\/infozamoraec.com\/index.php\/wp-json\/wp\/v2\/types\/post"}],"author":[{"embeddable":true,"href":"https:\/\/infozamoraec.com\/index.php\/wp-json\/wp\/v2\/users\/1"}],"replies":[{"embeddable":true,"href":"https:\/\/infozamoraec.com\/index.php\/wp-json\/wp\/v2\/comments?post=2421"}],"version-history":[{"count":3,"href":"https:\/\/infozamoraec.com\/index.php\/wp-json\/wp\/v2\/posts\/2421\/revisions"}],"predecessor-version":[{"id":2433,"href":"https:\/\/infozamoraec.com\/index.php\/wp-json\/wp\/v2\/posts\/2421\/revisions\/2433"}],"wp:featuredmedia":[{"embeddable":true,"href":"https:\/\/infozamoraec.com\/index.php\/wp-json\/wp\/v2\/media\/2430"}],"wp:attachment":[{"href":"https:\/\/infozamoraec.com\/index.php\/wp-json\/wp\/v2\/media?parent=2421"}],"wp:term":[{"taxonomy":"category","embeddable":true,"href":"https:\/\/infozamoraec.com\/index.php\/wp-json\/wp\/v2\/categories?post=2421"},{"taxonomy":"post_tag","embeddable":true,"href":"https:\/\/infozamoraec.com\/index.php\/wp-json\/wp\/v2\/tags?post=2421"}],"curies":[{"name":"wp","href":"https:\/\/api.w.org\/{rel}","templated":true}]}}