{"id":21443,"date":"2026-05-01T11:46:13","date_gmt":"2026-05-01T11:46:13","guid":{"rendered":"https:\/\/infozamoraec.com\/?p=21443"},"modified":"2026-05-01T12:20:14","modified_gmt":"2026-05-01T12:20:14","slug":"dia-del-trabajador-memoria-lucha-y-vigencia-de-una-conquista-global","status":"publish","type":"post","link":"https:\/\/infozamoraec.com\/index.php\/2026\/05\/01\/dia-del-trabajador-memoria-lucha-y-vigencia-de-una-conquista-global\/","title":{"rendered":"D\u00eda del Trabajador: memoria, lucha y vigencia de una conquista global"},"content":{"rendered":"<p>Cada 1 de mayo, millones de personas en todo el mundo conmemoran el D\u00eda Internacional de los Trabajadores, una fecha que trasciende el calendario festivo para convertirse en s\u00edmbolo de lucha, memoria hist\u00f3rica y reivindicaci\u00f3n social. Lejos de ser solo un d\u00eda de descanso, esta jornada representa el eco de d\u00e9cadas de \u0938\u0902\u0918\u0930\u094d\u0937 laboral, marcado por sacrificios que transformaron las condiciones de trabajo modernas.<\/p>\n<p>Un origen marcado por la desigualdad<\/p>\n<p>Para comprender el significado del Primero de Mayo es necesario remontarse a finales del siglo XIX, en pleno auge de la Revoluci\u00f3n Industrial en Estados Unidos. En ciudades como Chicago, entonces uno de los principales centros industriales, miles de trabajadores \u2014muchos de ellos inmigrantes\u2014 enfrentaban jornadas extenuantes de hasta 18 horas diarias, salarios precarios y condiciones laborales peligrosas.<\/p>\n<p>En ese contexto, surgi\u00f3 una de las principales demandas del movimiento obrero: la jornada laboral de ocho horas, resumida en una consigna que a\u00fan resuena: \u201cocho horas de trabajo, ocho horas de ocio y ocho horas de descanso\u201d.<\/p>\n<p>La huelga de 1886 y los M\u00e1rtires de Chicago<\/p>\n<p>El 1 de mayo de 1886, m\u00e1s de 200.000 trabajadores iniciaron una huelga en todo Estados Unidos para exigir esta reivindicaci\u00f3n. En Chicago, donde las tensiones eran m\u00e1s intensas, las protestas se extendieron durante varios d\u00edas.<\/p>\n<p>El 3 de mayo, una manifestaci\u00f3n frente a la f\u00e1brica McCormick termin\u00f3 en tragedia cuando la polic\u00eda abri\u00f3 fuego contra los manifestantes, dejando muertos y heridos. La indignaci\u00f3n llev\u00f3 a convocar una protesta el 4 de mayo en la plaza Haymarket. Lo que comenz\u00f3 como un acto pac\u00edfico termin\u00f3 en violencia tras la explosi\u00f3n de una bomba y la represi\u00f3n policial. Este episodio, conocido como la revuelta de Haymarket, culmin\u00f3 con la ejecuci\u00f3n de varios l\u00edderes sindicales anarquistas, quienes pasar\u00edan a la historia como los M\u00e1rtires de Chicago.<\/p>\n<p>De tragedia a s\u00edmbolo global<\/p>\n<p>En 1889, el Congreso Obrero Socialista de la Segunda Internacional, reunido en Par\u00eds, estableci\u00f3 el 1 de mayo como una jornada de lucha internacional en homenaje a estos hechos. Con el tiempo, la fecha fue adoptada por la mayor\u00eda de pa\u00edses como feriado nacional, convirti\u00e9ndose en un d\u00eda de movilizaci\u00f3n y reflexi\u00f3n sobre los derechos laborales.<\/p>\n<p>Una conmemoraci\u00f3n con distintas fechas<\/p>\n<p>Curiosamente, en pa\u00edses como Estados Unidos y Canad\u00e1, el D\u00eda del Trabajador no se celebra el 1 de mayo. En su lugar, se conmemora el Labor Day el primer lunes de septiembre. Esta decisi\u00f3n se remonta a 1882, cuando se organiz\u00f3 un desfile en Nueva York impulsado por la Noble Orden de los Caballeros del Trabajo. A\u00f1os m\u00e1s tarde, el presidente Grover Cleveland promovi\u00f3 esta fecha alternativa, en parte para evitar que la conmemoraci\u00f3n de mayo fortaleciera los movimientos socialistas.<\/p>\n<p>Canad\u00e1 adopt\u00f3 esta misma fecha en 1894, consolidando una tradici\u00f3n distinta en Am\u00e9rica del Norte.<\/p>\n<p>Vigencia en el siglo XXI<\/p>\n<p>A m\u00e1s de un siglo de aquellos acontecimientos, el D\u00eda del Trabajador sigue siendo una fecha clave para visibilizar las luchas actuales: empleo digno, equidad salarial, seguridad social y derechos frente a nuevas formas de trabajo.<\/p>\n<p>Aunque muchas de las demandas hist\u00f3ricas han sido reconocidas en leyes, los desaf\u00edos persisten. La precarizaci\u00f3n laboral, la automatizaci\u00f3n y las desigualdades econ\u00f3micas contin\u00faan poniendo a prueba los avances logrados.<\/p>\n<p>M\u00e1s que una efem\u00e9ride<\/p>\n<p>El Primero de Mayo no es solo una conmemoraci\u00f3n del pasado, sino un recordatorio de que los derechos laborales han sido conquistados, no concedidos. Es tambi\u00e9n una invitaci\u00f3n a reflexionar sobre el valor del trabajo en la sociedad y la necesidad de seguir construyendo condiciones m\u00e1s justas para todos.<\/p>\n<p>En cada marcha, en cada consigna y en cada descanso ganado, late la memoria de quienes lucharon para que hoy el trabajo sea sin\u00f3nimo de dignidad y no de explotaci\u00f3n.<\/p>\n","protected":false},"excerpt":{"rendered":"<p>Cada 1 de mayo, millones de personas en todo el mundo conmemoran el D\u00eda Internacional de los Trabajadores, una fecha que trasciende el calendario festivo para convertirse en s\u00edmbolo de lucha, memoria hist\u00f3rica y reivindicaci\u00f3n social. Lejos de ser solo un d\u00eda de descanso, esta jornada representa el eco de d\u00e9cadas de \u0938\u0902\u0918\u0930\u094d\u0937 laboral, marcado [&hellip;]<\/p>\n","protected":false},"author":1,"featured_media":21444,"comment_status":"open","ping_status":"open","sticky":false,"template":"","format":"standard","meta":{"footnotes":""},"categories":[8],"tags":[],"_links":{"self":[{"href":"https:\/\/infozamoraec.com\/index.php\/wp-json\/wp\/v2\/posts\/21443"}],"collection":[{"href":"https:\/\/infozamoraec.com\/index.php\/wp-json\/wp\/v2\/posts"}],"about":[{"href":"https:\/\/infozamoraec.com\/index.php\/wp-json\/wp\/v2\/types\/post"}],"author":[{"embeddable":true,"href":"https:\/\/infozamoraec.com\/index.php\/wp-json\/wp\/v2\/users\/1"}],"replies":[{"embeddable":true,"href":"https:\/\/infozamoraec.com\/index.php\/wp-json\/wp\/v2\/comments?post=21443"}],"version-history":[{"count":1,"href":"https:\/\/infozamoraec.com\/index.php\/wp-json\/wp\/v2\/posts\/21443\/revisions"}],"predecessor-version":[{"id":21445,"href":"https:\/\/infozamoraec.com\/index.php\/wp-json\/wp\/v2\/posts\/21443\/revisions\/21445"}],"wp:featuredmedia":[{"embeddable":true,"href":"https:\/\/infozamoraec.com\/index.php\/wp-json\/wp\/v2\/media\/21444"}],"wp:attachment":[{"href":"https:\/\/infozamoraec.com\/index.php\/wp-json\/wp\/v2\/media?parent=21443"}],"wp:term":[{"taxonomy":"category","embeddable":true,"href":"https:\/\/infozamoraec.com\/index.php\/wp-json\/wp\/v2\/categories?post=21443"},{"taxonomy":"post_tag","embeddable":true,"href":"https:\/\/infozamoraec.com\/index.php\/wp-json\/wp\/v2\/tags?post=21443"}],"curies":[{"name":"wp","href":"https:\/\/api.w.org\/{rel}","templated":true}]}}