{"id":21439,"date":"2026-04-30T01:49:22","date_gmt":"2026-04-30T01:49:22","guid":{"rendered":"https:\/\/infozamoraec.com\/?p=21439"},"modified":"2026-04-30T01:49:22","modified_gmt":"2026-04-30T01:49:22","slug":"trump-estudia-reducir-las-tropas-estadounidenses-en-alemania","status":"publish","type":"post","link":"https:\/\/infozamoraec.com\/index.php\/2026\/04\/30\/trump-estudia-reducir-las-tropas-estadounidenses-en-alemania\/","title":{"rendered":"Trump estudia reducir las tropas estadounidenses en Alemania"},"content":{"rendered":"<p>El presidente de Estados Unidos, Donald Trump, dijo el mi\u00e9rcoles (29.04.2026) que est\u00e1 estudiando una posible reducci\u00f3n de tropas de su pa\u00eds en Alemania, un mensaje que llega despu\u00e9s de que el canciller alem\u00e1n, Friedrich Merz, asegurara que Ir\u00e1n ha \u00abhumillado\u00bb a su administraci\u00f3n durante las negociaciones para poner fin a la guerra.<\/p>\n<p>\u00abEstados Unidos est\u00e1 estudiando y analizando la posible reducci\u00f3n de tropas en Alemania\u00bb, indic\u00f3 Trump en su red social. Agreg\u00f3 que la decisi\u00f3n podr\u00eda ser anunciada en los pr\u00f3ximos d\u00edas.<\/p>\n<p>Estados Unidos mantiene aproximadamente 40.000 soldados en Alemania, lo que la convierte en el pa\u00eds europeo con mayor presencia militar estadounidense.<\/p>\n<p>Estas fuerzas est\u00e1n distribuidas en varias bases clave como Ramstein y Stuttgart, que sirven como centros de mando, log\u00edstica y operaciones.<\/p>\n<p>Seg\u00fan el Ej\u00e9rcito de Estados Unidos en Europa y \u00c1frica (USAREUR-AF), este despliegue sostiene la capacidad de \u00abdisuasi\u00f3n y respuesta r\u00e1pida\u00bb de la OTAN.<\/p>\n<p>Disgusto de Trump por cr\u00edticas de Merz<br \/>\nEl canciller alem\u00e1n, Friedrich Merz, critic\u00f3 el lunes la estrategia de Washington en el conflicto con Ir\u00e1n y asegur\u00f3 que la administraci\u00f3n estadounidense ha sido \u00abhumillada\u00bb en las negociaciones para poner fin a la guerra.<\/p>\n<p>Merz sostuvo adem\u00e1s que Estados Unidos carece de una estrategia coherente de salida y advirti\u00f3 de que Teher\u00e1n ha sabido aprovechar las debilidades diplom\u00e1ticas occidentales en el proceso.<\/p>\n<p>En respuesta a esas declaraciones, Trump rechaz\u00f3 las cr\u00edticas y acus\u00f3 al l\u00edder alem\u00e1n de \u00absubestimar\u00bb la presi\u00f3n militar y diplom\u00e1tica de Washington sobre Ir\u00e1n.<\/p>\n<p>Trump insisti\u00f3 en que su gobierno mantiene una postura firme frente a Teher\u00e1n y dijo que cualquier cuestionamiento europeo ignora los avances logrados en materia de seguridad y contenci\u00f3n del programa nuclear iran\u00ed.<\/p>\n<p>gs (efe, afp. dpa)<\/p>\n","protected":false},"excerpt":{"rendered":"<p>El presidente de Estados Unidos, Donald Trump, dijo el mi\u00e9rcoles (29.04.2026) que est\u00e1 estudiando una posible reducci\u00f3n de tropas de su pa\u00eds en Alemania, un mensaje que llega despu\u00e9s de que el canciller alem\u00e1n, Friedrich Merz, asegurara que Ir\u00e1n ha \u00abhumillado\u00bb a su administraci\u00f3n durante las negociaciones para poner fin a la guerra. \u00abEstados Unidos [&hellip;]<\/p>\n","protected":false},"author":1,"featured_media":21440,"comment_status":"open","ping_status":"open","sticky":false,"template":"","format":"standard","meta":{"footnotes":""},"categories":[8],"tags":[],"_links":{"self":[{"href":"https:\/\/infozamoraec.com\/index.php\/wp-json\/wp\/v2\/posts\/21439"}],"collection":[{"href":"https:\/\/infozamoraec.com\/index.php\/wp-json\/wp\/v2\/posts"}],"about":[{"href":"https:\/\/infozamoraec.com\/index.php\/wp-json\/wp\/v2\/types\/post"}],"author":[{"embeddable":true,"href":"https:\/\/infozamoraec.com\/index.php\/wp-json\/wp\/v2\/users\/1"}],"replies":[{"embeddable":true,"href":"https:\/\/infozamoraec.com\/index.php\/wp-json\/wp\/v2\/comments?post=21439"}],"version-history":[{"count":1,"href":"https:\/\/infozamoraec.com\/index.php\/wp-json\/wp\/v2\/posts\/21439\/revisions"}],"predecessor-version":[{"id":21441,"href":"https:\/\/infozamoraec.com\/index.php\/wp-json\/wp\/v2\/posts\/21439\/revisions\/21441"}],"wp:featuredmedia":[{"embeddable":true,"href":"https:\/\/infozamoraec.com\/index.php\/wp-json\/wp\/v2\/media\/21440"}],"wp:attachment":[{"href":"https:\/\/infozamoraec.com\/index.php\/wp-json\/wp\/v2\/media?parent=21439"}],"wp:term":[{"taxonomy":"category","embeddable":true,"href":"https:\/\/infozamoraec.com\/index.php\/wp-json\/wp\/v2\/categories?post=21439"},{"taxonomy":"post_tag","embeddable":true,"href":"https:\/\/infozamoraec.com\/index.php\/wp-json\/wp\/v2\/tags?post=21439"}],"curies":[{"name":"wp","href":"https:\/\/api.w.org\/{rel}","templated":true}]}}