{"id":21436,"date":"2026-04-30T01:47:18","date_gmt":"2026-04-30T01:47:18","guid":{"rendered":"https:\/\/infozamoraec.com\/?p=21436"},"modified":"2026-04-30T01:47:18","modified_gmt":"2026-04-30T01:47:18","slug":"argentina-anulan-procesamiento-al-expresidente-fernandez","status":"publish","type":"post","link":"https:\/\/infozamoraec.com\/index.php\/2026\/04\/30\/argentina-anulan-procesamiento-al-expresidente-fernandez\/","title":{"rendered":"Argentina: anulan procesamiento al expresidente Fern\u00e1ndez"},"content":{"rendered":"<p>Un alto tribunal de justicia de Argentina anul\u00f3 el mi\u00e9rcoles (29.04.2026) el procesamiento contra el expresidente Alberto Fern\u00e1ndez, en una causa por presunta corrupci\u00f3n en la contrataci\u00f3n irregular de seguros para organismos p\u00fablicos durante su gesti\u00f3n (2019-2023).<\/p>\n<p>La C\u00e1mara Federal de Casaci\u00f3n, el m\u00e1ximo tribunal penal de Argentina despu\u00e9s de la Corte Suprema, revoc\u00f3 por motivos procesales la resoluci\u00f3n de un tribunal de apelaciones dictada en noviembre de 2025.<\/p>\n<p>En el fallo, el alto tribunal sustent\u00f3 su decisi\u00f3n en que la c\u00e1mara de apelaciones confirm\u00f3 el procesamiento de Fern\u00e1ndez, pese a que el fiscal en la instancia hab\u00eda pedido que se \u00abdictara la falta de m\u00e9rito\u00bb por considerar \u00abque no exist\u00edan elementos de prueba suficientes\u00bb.<\/p>\n<p>Esto implica que no hab\u00eda una base acusatoria suficiente para avanzar penalmente.<\/p>\n<p>La C\u00e1mara Federal de Casaci\u00f3n tambi\u00e9n cancel\u00f3 dos medidas contra Fern\u00e1ndez: un embargo por m\u00e1s de 14.600 millones de pesos (unos 10,3 millones de d\u00f3lares al cambio oficial), y la prohibici\u00f3n de salir del pa\u00eds.<\/p>\n<p>En la causa por los seguros, Fern\u00e1ndez era investigado por el \u00abdelito de negociaciones incompatibles con el ejercicio de la funci\u00f3n p\u00fablica\u00bb.<\/p>\n<p>El caso involucra supuestas contrataciones de seguros para distintas oficinas del Estado a trav\u00e9s de un intermediario que cobraba comisiones por la gesti\u00f3n, pese a que pod\u00edan hacerse de forma directa.<\/p>\n<p>Adem\u00e1s de Fern\u00e1ndez, fueron procesados un amigo suyo y corredor de seguros, y su exsecretaria privada, Mar\u00eda Cantero, entre otros.<\/p>\n<p>Adem\u00e1s de esta causa, el expresidente de 67 a\u00f1os aguarda su juicio por supuesta violencia de g\u00e9nero contra su expareja, la periodista Fabiola Y\u00e1\u00f1ez.<\/p>\n<p>Por esta causa Fern\u00e1ndez enfrentar\u00e1 un juicio oral por los delitos de \u00ablesiones graves\u00bb y \u00abamenazas coactivas\u00bb. El expresidente ha negado cualquier violencia contra Y\u00e1\u00f1ez, con quien mantuvo una relaci\u00f3n de aproximadamente 10 a\u00f1os y con quien tuvo un hijo nacido en 2022.<\/p>\n<p>gs (afp, Clar\u00edn)<\/p>\n","protected":false},"excerpt":{"rendered":"<p>Un alto tribunal de justicia de Argentina anul\u00f3 el mi\u00e9rcoles (29.04.2026) el procesamiento contra el expresidente Alberto Fern\u00e1ndez, en una causa por presunta corrupci\u00f3n en la contrataci\u00f3n irregular de seguros para organismos p\u00fablicos durante su gesti\u00f3n (2019-2023). La C\u00e1mara Federal de Casaci\u00f3n, el m\u00e1ximo tribunal penal de Argentina despu\u00e9s de la Corte Suprema, revoc\u00f3 por [&hellip;]<\/p>\n","protected":false},"author":1,"featured_media":21437,"comment_status":"open","ping_status":"open","sticky":false,"template":"","format":"standard","meta":{"footnotes":""},"categories":[8],"tags":[],"_links":{"self":[{"href":"https:\/\/infozamoraec.com\/index.php\/wp-json\/wp\/v2\/posts\/21436"}],"collection":[{"href":"https:\/\/infozamoraec.com\/index.php\/wp-json\/wp\/v2\/posts"}],"about":[{"href":"https:\/\/infozamoraec.com\/index.php\/wp-json\/wp\/v2\/types\/post"}],"author":[{"embeddable":true,"href":"https:\/\/infozamoraec.com\/index.php\/wp-json\/wp\/v2\/users\/1"}],"replies":[{"embeddable":true,"href":"https:\/\/infozamoraec.com\/index.php\/wp-json\/wp\/v2\/comments?post=21436"}],"version-history":[{"count":1,"href":"https:\/\/infozamoraec.com\/index.php\/wp-json\/wp\/v2\/posts\/21436\/revisions"}],"predecessor-version":[{"id":21438,"href":"https:\/\/infozamoraec.com\/index.php\/wp-json\/wp\/v2\/posts\/21436\/revisions\/21438"}],"wp:featuredmedia":[{"embeddable":true,"href":"https:\/\/infozamoraec.com\/index.php\/wp-json\/wp\/v2\/media\/21437"}],"wp:attachment":[{"href":"https:\/\/infozamoraec.com\/index.php\/wp-json\/wp\/v2\/media?parent=21436"}],"wp:term":[{"taxonomy":"category","embeddable":true,"href":"https:\/\/infozamoraec.com\/index.php\/wp-json\/wp\/v2\/categories?post=21436"},{"taxonomy":"post_tag","embeddable":true,"href":"https:\/\/infozamoraec.com\/index.php\/wp-json\/wp\/v2\/tags?post=21436"}],"curies":[{"name":"wp","href":"https:\/\/api.w.org\/{rel}","templated":true}]}}