{"id":21433,"date":"2026-04-30T01:45:22","date_gmt":"2026-04-30T01:45:22","guid":{"rendered":"https:\/\/infozamoraec.com\/?p=21433"},"modified":"2026-04-30T01:45:22","modified_gmt":"2026-04-30T01:45:22","slug":"senado-de-brasil-rechaza-candidato-de-lula-a-corte-suprema","status":"publish","type":"post","link":"https:\/\/infozamoraec.com\/index.php\/2026\/04\/30\/senado-de-brasil-rechaza-candidato-de-lula-a-corte-suprema\/","title":{"rendered":"Senado de Brasil rechaza candidato de Lula a Corte Suprema"},"content":{"rendered":"<p>El Senado de Brasil rechaz\u00f3 este mi\u00e9rcoles (29.04.2026) a Jorge Messias, candidato del presidente Luiz In\u00e1cio Lula da Silva para ocupar un asiento en la Corte Suprema, en una votaci\u00f3n hist\u00f3rica que representa una derrota para el mandatario a meses de las elecciones presidenciales.<\/p>\n<p>La nominaci\u00f3n de Messias fue objeto de un pulso entre el gobierno izquierdista y la mayor\u00eda conservadora del Senado, que rechaz\u00f3 a este abogado de 46 a\u00f1os en una votaci\u00f3n secreta.<\/p>\n<p>La c\u00e1mara alta registr\u00f3 42 votos en contra de Messias y 34 a favor. Se trata del primer nominado al Supremo Tribunal Federal (STF) rechazado por el Senado en m\u00e1s de 100 a\u00f1os, seg\u00fan la prensa brasile\u00f1a.<\/p>\n<p>Aliado cercano de Lula y jefe de la defensor\u00eda del Estado, Messias intent\u00f3 persuadir a los parlamentarios present\u00e1ndose como un cristiano evang\u00e9lico moderado, una corriente religiosa importante en Brasil.<\/p>\n<p>Pero su candidatura se convirti\u00f3 en la pr\u00e1ctica en un referendo sobre el gobierno y la actuaci\u00f3n de la Corte Suprema, que conden\u00f3 en 2025 al mayor l\u00edder de la derecha y la ultraderecha brasile\u00f1a, el expresidente Jair Bolsonaro, por intentar un golpe de Estado.<\/p>\n<p>\u00abCu\u00e1nto m\u00e1s tiempo pasa, m\u00e1s evidente resulta la farsa que hubo en ese juicio (a Jair Bolsoanro)\u00bb, dijo el senador Fl\u00e1vio Bolsonaro, hijo mayor del expresidente, durante una audiencia con Messias.<\/p>\n<p>\u00abSe produjo una vulneraci\u00f3n del derecho de defensa jam\u00e1s vista en la historia de Brasil\u00bb, agreg\u00f3 el senador y precandidato a las elecciones presidenciales de octubre.<\/p>\n<p>\u00abDerrotar a Lula\u00bb<br \/>\nEl STF conden\u00f3 a 27 a\u00f1os de prisi\u00f3n al exmandatario (2019-2022) por intentar aferrarse al poder tras perder esos comicios, en un juicio que provoc\u00f3 represalias contra Brasil de parte de Estados Unidos.<\/p>\n<p>Bolsonaro y otros senadores tambi\u00e9n enfatizaron la necesidad de reformas profundas en el Supremo Tribunal, cuestionado por supuestos v\u00ednculos entre algunos de sus jueces y un banquero acusado por un fraude multimillonario.<\/p>\n<p>\u00abNo se trata de derrotar al presidente Lula en esta votaci\u00f3n, quien quiera enfrentarlo podr\u00e1 hacerlo en octubre\u00bb, pidi\u00f3 a sus colegas el senador Weverton Rocha, en una sesi\u00f3n de comisi\u00f3n previa al plenario.<\/p>\n<p>Lula prev\u00e9 buscar un cuarto mandato en las elecciones de octubre y las encuestas lo ubican en un empate t\u00e9cnico con Fl\u00e1vio Bolsonaro.<\/p>\n<p>mg (afp, Correio Braziliense)<\/p>\n","protected":false},"excerpt":{"rendered":"<p>El Senado de Brasil rechaz\u00f3 este mi\u00e9rcoles (29.04.2026) a Jorge Messias, candidato del presidente Luiz In\u00e1cio Lula da Silva para ocupar un asiento en la Corte Suprema, en una votaci\u00f3n hist\u00f3rica que representa una derrota para el mandatario a meses de las elecciones presidenciales. La nominaci\u00f3n de Messias fue objeto de un pulso entre el [&hellip;]<\/p>\n","protected":false},"author":1,"featured_media":21434,"comment_status":"open","ping_status":"open","sticky":false,"template":"","format":"standard","meta":{"footnotes":""},"categories":[8],"tags":[],"_links":{"self":[{"href":"https:\/\/infozamoraec.com\/index.php\/wp-json\/wp\/v2\/posts\/21433"}],"collection":[{"href":"https:\/\/infozamoraec.com\/index.php\/wp-json\/wp\/v2\/posts"}],"about":[{"href":"https:\/\/infozamoraec.com\/index.php\/wp-json\/wp\/v2\/types\/post"}],"author":[{"embeddable":true,"href":"https:\/\/infozamoraec.com\/index.php\/wp-json\/wp\/v2\/users\/1"}],"replies":[{"embeddable":true,"href":"https:\/\/infozamoraec.com\/index.php\/wp-json\/wp\/v2\/comments?post=21433"}],"version-history":[{"count":1,"href":"https:\/\/infozamoraec.com\/index.php\/wp-json\/wp\/v2\/posts\/21433\/revisions"}],"predecessor-version":[{"id":21435,"href":"https:\/\/infozamoraec.com\/index.php\/wp-json\/wp\/v2\/posts\/21433\/revisions\/21435"}],"wp:featuredmedia":[{"embeddable":true,"href":"https:\/\/infozamoraec.com\/index.php\/wp-json\/wp\/v2\/media\/21434"}],"wp:attachment":[{"href":"https:\/\/infozamoraec.com\/index.php\/wp-json\/wp\/v2\/media?parent=21433"}],"wp:term":[{"taxonomy":"category","embeddable":true,"href":"https:\/\/infozamoraec.com\/index.php\/wp-json\/wp\/v2\/categories?post=21433"},{"taxonomy":"post_tag","embeddable":true,"href":"https:\/\/infozamoraec.com\/index.php\/wp-json\/wp\/v2\/tags?post=21433"}],"curies":[{"name":"wp","href":"https:\/\/api.w.org\/{rel}","templated":true}]}}