{"id":21430,"date":"2026-04-30T01:43:36","date_gmt":"2026-04-30T01:43:36","guid":{"rendered":"https:\/\/infozamoraec.com\/?p=21430"},"modified":"2026-04-30T01:43:36","modified_gmt":"2026-04-30T01:43:36","slug":"capturan-a-falsos-policias-ligados-a-los-tiguerones-en-operativos","status":"publish","type":"post","link":"https:\/\/infozamoraec.com\/index.php\/2026\/04\/30\/capturan-a-falsos-policias-ligados-a-los-tiguerones-en-operativos\/","title":{"rendered":"Capturan a falsos polic\u00edas ligados a Los Tiguerones en operativos"},"content":{"rendered":"<p>Operativos simult\u00e1neos realizados en Santo Domingo, Manta, Guayaquil y Pedro Carbo permitieron la captura de 9 sujetos vinculados a varios delitos.<\/p>\n<p>El Ministerio del Interior indic\u00f3 que se realizaron 13 allanamientos.<\/p>\n<p>Entre los detenidos fueron capturados dos individuos de Inter\u00e9s Penal Relevante que registran un total de 7 procesos judiciales.<\/p>\n<p>Delitos y modus operandi de Los Tiguerones<br \/>\nDentro de estos, se les investiga por tr\u00e1fico il\u00edcito de sustancias catalogadas sujetas a fiscalizaci\u00f3n, microtr\u00e1fico, tenencia de armas de fuego, extorsi\u00f3n, intimidaci\u00f3n, robo de veh\u00edculos y robo a locales comerciales.<\/p>\n<p>Para cometer estos delitos, los sujetos utilizar\u00edan prendas y motocicletas con caracter\u00edsticas similares a las de las fuerzas del orden.<\/p>\n<p>El Ministerio se\u00f1al\u00f3 que estos delincuentes pertenecen a Los Tiguerones y son responsables de un asalto perpetrado por falsos polic\u00edas en un local comercial.<\/p>\n<p>Este hecho ocurri\u00f3 el 29 de diciembre del a\u00f1o pasado, espec\u00edficamente en una plaza comercial de Guayaquil.<\/p>\n<p>Indicios y proceso judicial<br \/>\nComo parte de los indicios, se obtuvieron 13 allanamientos, 5 veh\u00edculos retenidos, 1 motocicleta retenida, 9 celulares y 300 gr. de droga.<\/p>\n<p>&nbsp;<\/p>\n","protected":false},"excerpt":{"rendered":"<p>Operativos simult\u00e1neos realizados en Santo Domingo, Manta, Guayaquil y Pedro Carbo permitieron la captura de 9 sujetos vinculados a varios delitos. El Ministerio del Interior indic\u00f3 que se realizaron 13 allanamientos. Entre los detenidos fueron capturados dos individuos de Inter\u00e9s Penal Relevante que registran un total de 7 procesos judiciales. Delitos y modus operandi de [&hellip;]<\/p>\n","protected":false},"author":1,"featured_media":21431,"comment_status":"open","ping_status":"open","sticky":false,"template":"","format":"standard","meta":{"footnotes":""},"categories":[12],"tags":[],"_links":{"self":[{"href":"https:\/\/infozamoraec.com\/index.php\/wp-json\/wp\/v2\/posts\/21430"}],"collection":[{"href":"https:\/\/infozamoraec.com\/index.php\/wp-json\/wp\/v2\/posts"}],"about":[{"href":"https:\/\/infozamoraec.com\/index.php\/wp-json\/wp\/v2\/types\/post"}],"author":[{"embeddable":true,"href":"https:\/\/infozamoraec.com\/index.php\/wp-json\/wp\/v2\/users\/1"}],"replies":[{"embeddable":true,"href":"https:\/\/infozamoraec.com\/index.php\/wp-json\/wp\/v2\/comments?post=21430"}],"version-history":[{"count":1,"href":"https:\/\/infozamoraec.com\/index.php\/wp-json\/wp\/v2\/posts\/21430\/revisions"}],"predecessor-version":[{"id":21432,"href":"https:\/\/infozamoraec.com\/index.php\/wp-json\/wp\/v2\/posts\/21430\/revisions\/21432"}],"wp:featuredmedia":[{"embeddable":true,"href":"https:\/\/infozamoraec.com\/index.php\/wp-json\/wp\/v2\/media\/21431"}],"wp:attachment":[{"href":"https:\/\/infozamoraec.com\/index.php\/wp-json\/wp\/v2\/media?parent=21430"}],"wp:term":[{"taxonomy":"category","embeddable":true,"href":"https:\/\/infozamoraec.com\/index.php\/wp-json\/wp\/v2\/categories?post=21430"},{"taxonomy":"post_tag","embeddable":true,"href":"https:\/\/infozamoraec.com\/index.php\/wp-json\/wp\/v2\/tags?post=21430"}],"curies":[{"name":"wp","href":"https:\/\/api.w.org\/{rel}","templated":true}]}}