{"id":21424,"date":"2026-04-30T01:40:07","date_gmt":"2026-04-30T01:40:07","guid":{"rendered":"https:\/\/infozamoraec.com\/?p=21424"},"modified":"2026-04-30T01:40:07","modified_gmt":"2026-04-30T01:40:07","slug":"fiscalia-vincula-a-21-personas-por-peculado-en-caso-apagon","status":"publish","type":"post","link":"https:\/\/infozamoraec.com\/index.php\/2026\/04\/30\/fiscalia-vincula-a-21-personas-por-peculado-en-caso-apagon\/","title":{"rendered":"Fiscal\u00eda vincula a 21 personas por peculado en caso \u2018Apag\u00f3n\u2019"},"content":{"rendered":"<p>La Fiscal\u00eda General del Estado vincul\u00f3 a 21 personas por peculado y asociaci\u00f3n il\u00edcita por caso \u2018Apag\u00f3n\u2019. El Ministerio P\u00fablico hall\u00f3 irregularidades en contratos de generaci\u00f3n el\u00e9ctrica (150 MW en Quevedo y Salitral) firmados durante la crisis energ\u00e9tica de 2024, generando un perjuicio de 100 millones de d\u00f3lares. Sin embargo, la entidad no detall\u00f3 nombres.<\/p>\n<p>Los primeros allanamientos del caso Apag\u00f3n se ejecutaron en julio de 2025. En ese momento, la Fiscal\u00eda allan\u00f3 oficinas, viviendas e instalaciones p\u00fablicas pertenecientes a las centrales t\u00e9rmicas Guangopolo y Santa Rosa, el Operador Nacional de Electricidad (Cenace) y Celec.<\/p>\n<p>El antecedente del caso Apag\u00f3n es la grave crisis el\u00e9ctrica que vivi\u00f3 Ecuador hace dos a\u00f1os con extensos cortes de luz.<\/p>\n<p>La investigaci\u00f3n por el \u2018caso Apag\u00f3n\u2019 tambi\u00e9n se dio tras allanamientos que incluy\u00f3 la de Fabi\u00e1n Calero, exviceministro de Energ\u00eda y anterior gerente del holding estatal Corporaci\u00f3n El\u00e9ctrica de Ecuador (Celec).<\/p>\n<p>Las indagaciones surgen luego de que la Contralor\u00eda General del Estado determin\u00f3 un perjuicio de USD 100 millones para el Estado por los contratos para la instalaci\u00f3n de las centrales termoel\u00e9ctricas Quevedo y El Salitral. (I)<\/p>\n","protected":false},"excerpt":{"rendered":"<p>La Fiscal\u00eda General del Estado vincul\u00f3 a 21 personas por peculado y asociaci\u00f3n il\u00edcita por caso \u2018Apag\u00f3n\u2019. El Ministerio P\u00fablico hall\u00f3 irregularidades en contratos de generaci\u00f3n el\u00e9ctrica (150 MW en Quevedo y Salitral) firmados durante la crisis energ\u00e9tica de 2024, generando un perjuicio de 100 millones de d\u00f3lares. Sin embargo, la entidad no detall\u00f3 nombres. [&hellip;]<\/p>\n","protected":false},"author":1,"featured_media":21425,"comment_status":"open","ping_status":"open","sticky":false,"template":"","format":"standard","meta":{"footnotes":""},"categories":[12],"tags":[],"_links":{"self":[{"href":"https:\/\/infozamoraec.com\/index.php\/wp-json\/wp\/v2\/posts\/21424"}],"collection":[{"href":"https:\/\/infozamoraec.com\/index.php\/wp-json\/wp\/v2\/posts"}],"about":[{"href":"https:\/\/infozamoraec.com\/index.php\/wp-json\/wp\/v2\/types\/post"}],"author":[{"embeddable":true,"href":"https:\/\/infozamoraec.com\/index.php\/wp-json\/wp\/v2\/users\/1"}],"replies":[{"embeddable":true,"href":"https:\/\/infozamoraec.com\/index.php\/wp-json\/wp\/v2\/comments?post=21424"}],"version-history":[{"count":1,"href":"https:\/\/infozamoraec.com\/index.php\/wp-json\/wp\/v2\/posts\/21424\/revisions"}],"predecessor-version":[{"id":21426,"href":"https:\/\/infozamoraec.com\/index.php\/wp-json\/wp\/v2\/posts\/21424\/revisions\/21426"}],"wp:featuredmedia":[{"embeddable":true,"href":"https:\/\/infozamoraec.com\/index.php\/wp-json\/wp\/v2\/media\/21425"}],"wp:attachment":[{"href":"https:\/\/infozamoraec.com\/index.php\/wp-json\/wp\/v2\/media?parent=21424"}],"wp:term":[{"taxonomy":"category","embeddable":true,"href":"https:\/\/infozamoraec.com\/index.php\/wp-json\/wp\/v2\/categories?post=21424"},{"taxonomy":"post_tag","embeddable":true,"href":"https:\/\/infozamoraec.com\/index.php\/wp-json\/wp\/v2\/tags?post=21424"}],"curies":[{"name":"wp","href":"https:\/\/api.w.org\/{rel}","templated":true}]}}