{"id":21421,"date":"2026-04-30T01:38:19","date_gmt":"2026-04-30T01:38:19","guid":{"rendered":"https:\/\/infozamoraec.com\/?p=21421"},"modified":"2026-04-30T01:38:19","modified_gmt":"2026-04-30T01:38:19","slug":"noboa-acusa-a-petro-de-impulsar-incursion-de-guerrilleros-colombianos-en-ecuador","status":"publish","type":"post","link":"https:\/\/infozamoraec.com\/index.php\/2026\/04\/30\/noboa-acusa-a-petro-de-impulsar-incursion-de-guerrilleros-colombianos-en-ecuador\/","title":{"rendered":"Noboa acusa a Petro de impulsar incursi\u00f3n de guerrilleros colombianos en Ecuador"},"content":{"rendered":"<p>El presidente de Ecuador, Daniel Noboa, acus\u00f3 este mi\u00e9rcoles a su hom\u00f3logo de Colombia, Gustavo Petro, de haber ordenado una supuesta incursi\u00f3n de guerrilleros colombianos en territorio ecuatoriano, en medio de una escalada de tensiones entre ambos mandatarios y una guerra comercial que desde el viernes tendr\u00e1 aranceles del 100 %.<\/p>\n<p>\u00abVarias fuentes nos han informado de una incursi\u00f3n por la frontera norte de guerrilleros colombianos, impulsada por el Gobierno de Petro\u00bb, manifest\u00f3 en redes sociales Noboa, quien inici\u00f3 la guerra comercial con el vecino pa\u00eds al considerar que Colombia no est\u00e1 haciendo lo suficiente para evitar que las organizaciones criminales y la coca\u00edna producida en ese pa\u00eds llegue a Ecuador.<\/p>\n<p>\u00abPresidente Petro, ded\u00edquese a mejorar la vida de su gente en vez de querer exportar problemas a pa\u00edses vecinos\u00bb, apostill\u00f3 el mandatario ecuatoriano, en cuya comunicaci\u00f3n no ofreci\u00f3 detalles del punto en el que supuestamente se produjo la incursi\u00f3n de guerrilleros que menciona.<\/p>\n<p>En los \u00faltimos a\u00f1os se ha consolidado la presencia e influencia de grupos disidentes de las Fuerzas Armadas Revolucionarias de Colombia (FARC) en el territorio ecuatoriano cercano a la frontera, como el Frente Oliver Sinisterra y los Comandos de la Frontera, dedicados no solo al narcotr\u00e1fico sino tambi\u00e9n a la miner\u00eda ilegal en distintos puntos de la geograf\u00eda fronteriza de Ecuador.<\/p>\n<p>Noboa ha declarado como terroristas a los Comandos de la Frontera y a otros grupos criminales de Colombia, de la misma forma que lo ha hecho con las bandas criminales ecuatorianas a las que se les atribuye la peor crisis de violencia de la historia del pa\u00eds andino, situado a la cabeza de Latinoam\u00e9rica en homicidios con un \u00edndice superior a los 50 por cada 100.000 habitantes al a\u00f1o.<\/p>\n<p>&nbsp;<\/p>\n","protected":false},"excerpt":{"rendered":"<p>El presidente de Ecuador, Daniel Noboa, acus\u00f3 este mi\u00e9rcoles a su hom\u00f3logo de Colombia, Gustavo Petro, de haber ordenado una supuesta incursi\u00f3n de guerrilleros colombianos en territorio ecuatoriano, en medio de una escalada de tensiones entre ambos mandatarios y una guerra comercial que desde el viernes tendr\u00e1 aranceles del 100 %. \u00abVarias fuentes nos han [&hellip;]<\/p>\n","protected":false},"author":1,"featured_media":21422,"comment_status":"open","ping_status":"open","sticky":false,"template":"","format":"standard","meta":{"footnotes":""},"categories":[12],"tags":[],"_links":{"self":[{"href":"https:\/\/infozamoraec.com\/index.php\/wp-json\/wp\/v2\/posts\/21421"}],"collection":[{"href":"https:\/\/infozamoraec.com\/index.php\/wp-json\/wp\/v2\/posts"}],"about":[{"href":"https:\/\/infozamoraec.com\/index.php\/wp-json\/wp\/v2\/types\/post"}],"author":[{"embeddable":true,"href":"https:\/\/infozamoraec.com\/index.php\/wp-json\/wp\/v2\/users\/1"}],"replies":[{"embeddable":true,"href":"https:\/\/infozamoraec.com\/index.php\/wp-json\/wp\/v2\/comments?post=21421"}],"version-history":[{"count":1,"href":"https:\/\/infozamoraec.com\/index.php\/wp-json\/wp\/v2\/posts\/21421\/revisions"}],"predecessor-version":[{"id":21423,"href":"https:\/\/infozamoraec.com\/index.php\/wp-json\/wp\/v2\/posts\/21421\/revisions\/21423"}],"wp:featuredmedia":[{"embeddable":true,"href":"https:\/\/infozamoraec.com\/index.php\/wp-json\/wp\/v2\/media\/21422"}],"wp:attachment":[{"href":"https:\/\/infozamoraec.com\/index.php\/wp-json\/wp\/v2\/media?parent=21421"}],"wp:term":[{"taxonomy":"category","embeddable":true,"href":"https:\/\/infozamoraec.com\/index.php\/wp-json\/wp\/v2\/categories?post=21421"},{"taxonomy":"post_tag","embeddable":true,"href":"https:\/\/infozamoraec.com\/index.php\/wp-json\/wp\/v2\/tags?post=21421"}],"curies":[{"name":"wp","href":"https:\/\/api.w.org\/{rel}","templated":true}]}}