{"id":21418,"date":"2026-04-30T01:36:07","date_gmt":"2026-04-30T01:36:07","guid":{"rendered":"https:\/\/infozamoraec.com\/?p=21418"},"modified":"2026-04-30T01:36:07","modified_gmt":"2026-04-30T01:36:07","slug":"autoridades-verifican-avances-del-parque-lineal-de-zumbi","status":"publish","type":"post","link":"https:\/\/infozamoraec.com\/index.php\/2026\/04\/30\/autoridades-verifican-avances-del-parque-lineal-de-zumbi\/","title":{"rendered":"Autoridades verifican avances del Parque Lineal de Zumbi"},"content":{"rendered":"<p data-start=\"0\" data-end=\"307\">El Gobierno Aut\u00f3nomo Descentralizado Municipal de Centinela del C\u00f3ndor inform\u00f3 respecto a la visita de la secretaria t\u00e9cnica de la Circunscripci\u00f3n Territorial Especial Amaz\u00f3nica (CTEA), Daniela Tamayo, quien realiz\u00f3 un recorrido t\u00e9cnico para constatar en territorio los avances del proyecto del Parque Lineal de Zumbi.<\/p>\n<p data-start=\"309\" data-end=\"585\">La inspecci\u00f3n se desarroll\u00f3 junto al equipo t\u00e9cnico municipal, con la participaci\u00f3n de la vicealcaldesa Marcia Torres y directores de las \u00e1reas de Obras P\u00fablicas y Planificaci\u00f3n. Durante la jornada, se verific\u00f3 el progreso de esta obra, considerada estrat\u00e9gica para el cant\u00f3n.<\/p>\n<p data-start=\"587\" data-end=\"856\">El proyecto, que contempla la construcci\u00f3n de un muro de contenci\u00f3n y la implementaci\u00f3n del parque lineal, tiene como objetivo principal mitigar los efectos de la temporada invernal y proteger la ribera del r\u00edo, contribuyendo a la seguridad y bienestar de la poblaci\u00f3n.<\/p>\n<p data-start=\"858\" data-end=\"1109\">Desde el Municipio se destac\u00f3 que esta intervenci\u00f3n es resultado de la gesti\u00f3n impulsada por la administraci\u00f3n del alcalde Segundo Sarango, orientada a ejecutar obras que fortalezcan el desarrollo urbano y mejoren la calidad de vida de los habitantes.<\/p>\n<p data-start=\"1111\" data-end=\"1306\" data-is-last-node=\"\" data-is-only-node=\"\">Las autoridades reiteraron su compromiso de continuar con el seguimiento t\u00e9cnico de los trabajos, garantizando el cumplimiento de los plazos y la calidad de la obra en beneficio de la ciudadan\u00eda.<\/p>\n","protected":false},"excerpt":{"rendered":"<p>El Gobierno Aut\u00f3nomo Descentralizado Municipal de Centinela del C\u00f3ndor inform\u00f3 respecto a la visita de la secretaria t\u00e9cnica de la Circunscripci\u00f3n Territorial Especial Amaz\u00f3nica (CTEA), Daniela Tamayo, quien realiz\u00f3 un recorrido t\u00e9cnico para constatar en territorio los avances del proyecto del Parque Lineal de Zumbi. La inspecci\u00f3n se desarroll\u00f3 junto al equipo t\u00e9cnico municipal, con [&hellip;]<\/p>\n","protected":false},"author":1,"featured_media":21419,"comment_status":"open","ping_status":"open","sticky":false,"template":"","format":"standard","meta":{"footnotes":""},"categories":[9],"tags":[],"_links":{"self":[{"href":"https:\/\/infozamoraec.com\/index.php\/wp-json\/wp\/v2\/posts\/21418"}],"collection":[{"href":"https:\/\/infozamoraec.com\/index.php\/wp-json\/wp\/v2\/posts"}],"about":[{"href":"https:\/\/infozamoraec.com\/index.php\/wp-json\/wp\/v2\/types\/post"}],"author":[{"embeddable":true,"href":"https:\/\/infozamoraec.com\/index.php\/wp-json\/wp\/v2\/users\/1"}],"replies":[{"embeddable":true,"href":"https:\/\/infozamoraec.com\/index.php\/wp-json\/wp\/v2\/comments?post=21418"}],"version-history":[{"count":1,"href":"https:\/\/infozamoraec.com\/index.php\/wp-json\/wp\/v2\/posts\/21418\/revisions"}],"predecessor-version":[{"id":21420,"href":"https:\/\/infozamoraec.com\/index.php\/wp-json\/wp\/v2\/posts\/21418\/revisions\/21420"}],"wp:featuredmedia":[{"embeddable":true,"href":"https:\/\/infozamoraec.com\/index.php\/wp-json\/wp\/v2\/media\/21419"}],"wp:attachment":[{"href":"https:\/\/infozamoraec.com\/index.php\/wp-json\/wp\/v2\/media?parent=21418"}],"wp:term":[{"taxonomy":"category","embeddable":true,"href":"https:\/\/infozamoraec.com\/index.php\/wp-json\/wp\/v2\/categories?post=21418"},{"taxonomy":"post_tag","embeddable":true,"href":"https:\/\/infozamoraec.com\/index.php\/wp-json\/wp\/v2\/tags?post=21418"}],"curies":[{"name":"wp","href":"https:\/\/api.w.org\/{rel}","templated":true}]}}