{"id":21414,"date":"2026-04-30T01:16:51","date_gmt":"2026-04-30T01:16:51","guid":{"rendered":"https:\/\/infozamoraec.com\/?p=21414"},"modified":"2026-04-30T01:16:51","modified_gmt":"2026-04-30T01:16:51","slug":"jose-luis-medina-anuncia-su-salida-de-la-cooperativa-union-yantzaza-tras-cambio-de-directorio","status":"publish","type":"post","link":"https:\/\/infozamoraec.com\/index.php\/2026\/04\/30\/jose-luis-medina-anuncia-su-salida-de-la-cooperativa-union-yantzaza-tras-cambio-de-directorio\/","title":{"rendered":"Jos\u00e9 Luis Medina anuncia su salida de la Cooperativa Uni\u00f3n Yantzaza tras cambio de directorio"},"content":{"rendered":"<p data-start=\"99\" data-end=\"280\">Jos\u00e9 Luis Medina inform\u00f3 su salida de la gerencia de la Cooperativa de Transportes Uni\u00f3n Yantzaza, luego del proceso de renovaci\u00f3n del directorio de la instituci\u00f3n, en el que Fausto Tene tambien deja la presidencia.<\/p>\n<p data-start=\"282\" data-end=\"622\">Medina, quien se desempe\u00f1\u00f3 como gerente, comunic\u00f3 el cierre de su gesti\u00f3n destacando los principales resultados alcanzados durante el periodo en el que estuvo al frente de la cooperativa, iniciado en 2017. En su pronunciamiento, se\u00f1al\u00f3 que la administraci\u00f3n enfrent\u00f3 retos importantes, especialmente en el \u00e1mbito financiero e institucional.<\/p>\n<p data-start=\"624\" data-end=\"948\">Entre los logros mencionados constan la modernizaci\u00f3n de la flota vehicular, mejoras en la infraestructura de atenci\u00f3n a usuarios y el fortalecimiento administrativo basado en principios de transparencia. Asimismo, indic\u00f3 que se trabaj\u00f3 en consolidar una instituci\u00f3n m\u00e1s s\u00f3lida y orientada al servicio de socios y pasajeros.<\/p>\n<p data-start=\"950\" data-end=\"1164\">El exgerente manifest\u00f3 que deja una cooperativa con estabilidad y procesos encaminados, tras un periodo de gesti\u00f3n que, seg\u00fan indic\u00f3, permiti\u00f3 recuperar la confianza y fortalecer la operatividad de la organizaci\u00f3n.<\/p>\n<p data-start=\"950\" data-end=\"1164\">\u00abNos vamos con la satisfacci\u00f3n del deber cumplido, con la tranquilidad de quien deja la casa en orden y el camino trazado. No es un adi\u00f3s a la gesti\u00f3n, es un \u00abhasta pronto\u00bb al servicio, dejando una instituci\u00f3n financieramente robusta, pero, sobre todo, humana y unida\u00bb agreg\u00f3 Medina<\/p>\n<p data-start=\"1166\" data-end=\"1338\" data-is-last-node=\"\" data-is-only-node=\"\">La salida de Medina se da en el contexto del cambio de autoridades, quienes asumir\u00e1n la direcci\u00f3n de la cooperativa con el objetivo de dar continuidad al trabajo realizado.<\/p>\n","protected":false},"excerpt":{"rendered":"<p>Jos\u00e9 Luis Medina inform\u00f3 su salida de la gerencia de la Cooperativa de Transportes Uni\u00f3n Yantzaza, luego del proceso de renovaci\u00f3n del directorio de la instituci\u00f3n, en el que Fausto Tene tambien deja la presidencia. Medina, quien se desempe\u00f1\u00f3 como gerente, comunic\u00f3 el cierre de su gesti\u00f3n destacando los principales resultados alcanzados durante el periodo [&hellip;]<\/p>\n","protected":false},"author":1,"featured_media":21415,"comment_status":"open","ping_status":"open","sticky":false,"template":"","format":"standard","meta":{"footnotes":""},"categories":[9],"tags":[],"_links":{"self":[{"href":"https:\/\/infozamoraec.com\/index.php\/wp-json\/wp\/v2\/posts\/21414"}],"collection":[{"href":"https:\/\/infozamoraec.com\/index.php\/wp-json\/wp\/v2\/posts"}],"about":[{"href":"https:\/\/infozamoraec.com\/index.php\/wp-json\/wp\/v2\/types\/post"}],"author":[{"embeddable":true,"href":"https:\/\/infozamoraec.com\/index.php\/wp-json\/wp\/v2\/users\/1"}],"replies":[{"embeddable":true,"href":"https:\/\/infozamoraec.com\/index.php\/wp-json\/wp\/v2\/comments?post=21414"}],"version-history":[{"count":2,"href":"https:\/\/infozamoraec.com\/index.php\/wp-json\/wp\/v2\/posts\/21414\/revisions"}],"predecessor-version":[{"id":21417,"href":"https:\/\/infozamoraec.com\/index.php\/wp-json\/wp\/v2\/posts\/21414\/revisions\/21417"}],"wp:featuredmedia":[{"embeddable":true,"href":"https:\/\/infozamoraec.com\/index.php\/wp-json\/wp\/v2\/media\/21415"}],"wp:attachment":[{"href":"https:\/\/infozamoraec.com\/index.php\/wp-json\/wp\/v2\/media?parent=21414"}],"wp:term":[{"taxonomy":"category","embeddable":true,"href":"https:\/\/infozamoraec.com\/index.php\/wp-json\/wp\/v2\/categories?post=21414"},{"taxonomy":"post_tag","embeddable":true,"href":"https:\/\/infozamoraec.com\/index.php\/wp-json\/wp\/v2\/tags?post=21414"}],"curies":[{"name":"wp","href":"https:\/\/api.w.org\/{rel}","templated":true}]}}