{"id":21406,"date":"2026-04-30T01:01:47","date_gmt":"2026-04-30T01:01:47","guid":{"rendered":"https:\/\/infozamoraec.com\/?p=21406"},"modified":"2026-04-30T01:01:58","modified_gmt":"2026-04-30T01:01:58","slug":"alcalde-de-paquisha-anuncia-que-no-buscara-la-reeleccion","status":"publish","type":"post","link":"https:\/\/infozamoraec.com\/index.php\/2026\/04\/30\/alcalde-de-paquisha-anuncia-que-no-buscara-la-reeleccion\/","title":{"rendered":"Alcalde de Paquisha anuncia que no buscar\u00e1 la reelecci\u00f3n"},"content":{"rendered":"<p>El alcalde del cant\u00f3n Paquisha, Paul Rodr\u00edguez, mediante\u00a0 redes sociales, inform\u00f3 p\u00fablicamente su decisi\u00f3n de no participar como candidato en el pr\u00f3ximo proceso electoral para la reelecci\u00f3n.<\/p>\n<p>A trav\u00e9s de un comunicado dirigido a la ciudadan\u00eda, la autoridad explic\u00f3 que esta decisi\u00f3n responde a una convicci\u00f3n personal y pol\u00edtica de dar paso a nuevos liderazgos, se\u00f1alando que la democracia se fortalece cuando se abren espacios para la renovaci\u00f3n.<\/p>\n<p>Rodr\u00edguez indic\u00f3 que culminar\u00e1 su administraci\u00f3n cumpliendo el periodo para el cual fue electo, enfocando sus esfuerzos en dejar una gesti\u00f3n ordenada, con obras ejecutadas y proyectos encaminados en beneficio del cant\u00f3n. Asimismo, asegur\u00f3 que continuar\u00e1 trabajando con responsabilidad y transparencia hasta el \u00faltimo d\u00eda de su mandato.<\/p>\n<p>En su mensaje, el alcalde tambi\u00e9n expres\u00f3 su agradecimiento a la ciudadan\u00eda paquishense, a su equipo de trabajo y a quienes han sido parte de su gesti\u00f3n, destacando el compromiso colectivo para impulsar el desarrollo local.<\/p>\n<p>Finalmente, reiter\u00f3 que su prioridad seguir\u00e1 siendo el bienestar del cant\u00f3n, apostando por una administraci\u00f3n enfocada en el servicio p\u00fablico y el trabajo conjunto con la comunidad.<\/p>\n","protected":false},"excerpt":{"rendered":"<p>El alcalde del cant\u00f3n Paquisha, Paul Rodr\u00edguez, mediante\u00a0 redes sociales, inform\u00f3 p\u00fablicamente su decisi\u00f3n de no participar como candidato en el pr\u00f3ximo proceso electoral para la reelecci\u00f3n. A trav\u00e9s de un comunicado dirigido a la ciudadan\u00eda, la autoridad explic\u00f3 que esta decisi\u00f3n responde a una convicci\u00f3n personal y pol\u00edtica de dar paso a nuevos liderazgos, [&hellip;]<\/p>\n","protected":false},"author":1,"featured_media":21407,"comment_status":"open","ping_status":"open","sticky":false,"template":"","format":"standard","meta":{"footnotes":""},"categories":[9],"tags":[],"_links":{"self":[{"href":"https:\/\/infozamoraec.com\/index.php\/wp-json\/wp\/v2\/posts\/21406"}],"collection":[{"href":"https:\/\/infozamoraec.com\/index.php\/wp-json\/wp\/v2\/posts"}],"about":[{"href":"https:\/\/infozamoraec.com\/index.php\/wp-json\/wp\/v2\/types\/post"}],"author":[{"embeddable":true,"href":"https:\/\/infozamoraec.com\/index.php\/wp-json\/wp\/v2\/users\/1"}],"replies":[{"embeddable":true,"href":"https:\/\/infozamoraec.com\/index.php\/wp-json\/wp\/v2\/comments?post=21406"}],"version-history":[{"count":2,"href":"https:\/\/infozamoraec.com\/index.php\/wp-json\/wp\/v2\/posts\/21406\/revisions"}],"predecessor-version":[{"id":21409,"href":"https:\/\/infozamoraec.com\/index.php\/wp-json\/wp\/v2\/posts\/21406\/revisions\/21409"}],"wp:featuredmedia":[{"embeddable":true,"href":"https:\/\/infozamoraec.com\/index.php\/wp-json\/wp\/v2\/media\/21407"}],"wp:attachment":[{"href":"https:\/\/infozamoraec.com\/index.php\/wp-json\/wp\/v2\/media?parent=21406"}],"wp:term":[{"taxonomy":"category","embeddable":true,"href":"https:\/\/infozamoraec.com\/index.php\/wp-json\/wp\/v2\/categories?post=21406"},{"taxonomy":"post_tag","embeddable":true,"href":"https:\/\/infozamoraec.com\/index.php\/wp-json\/wp\/v2\/tags?post=21406"}],"curies":[{"name":"wp","href":"https:\/\/api.w.org\/{rel}","templated":true}]}}