{"id":21397,"date":"2026-04-29T02:04:38","date_gmt":"2026-04-29T02:04:38","guid":{"rendered":"https:\/\/infozamoraec.com\/?p=21397"},"modified":"2026-04-29T02:07:36","modified_gmt":"2026-04-29T02:07:36","slug":"crisis-de-estatal-petroperu-amenaza-con-paralizar-refinerias","status":"publish","type":"post","link":"https:\/\/infozamoraec.com\/index.php\/2026\/04\/29\/crisis-de-estatal-petroperu-amenaza-con-paralizar-refinerias\/","title":{"rendered":"Crisis de estatal Petroper\u00fa amenaza con paralizar refiner\u00edas"},"content":{"rendered":"<p>El presidente de la petrolera estatal peruana Petroper\u00fa, Roger Ar\u00e9valo, reiter\u00f3 el martes (28.04.2026) el pedido al gobierno nacional de un cr\u00e9dito de 2.000 millones de d\u00f3lares para mantener sus operaciones y evitar la paralizaci\u00f3n de dos refiner\u00edas, ante la grave crisis financiera que le ha llevado a iniciar un proceso de reestructuraci\u00f3n de sus activos.<\/p>\n<p>Tras acudir a la comisi\u00f3n de Presupuesto del Congreso de Per\u00fa, Ar\u00e9valo declar\u00f3 que el pedido puntual al gobierno del presidente transitorio, Jos\u00e9 Mar\u00eda Balc\u00e1zar, es que \u00abse apoye con cr\u00e9ditos de capital privado\u00bb por m\u00e1s de 2.000 millones de d\u00f3lares, que la compa\u00f1\u00eda necesita como capital de trabajo.<\/p>\n<p>\u00abEl Ejecutivo sabe lo que tiene que hacer y lo va a hacer\u00bb, afirm\u00f3 Ar\u00e9valo, al remarcar que es el gobierno de Balc\u00e1zar, que finaliza en julio pr\u00f3ximo, el que debe tomar una pronta decisi\u00f3n.<\/p>\n<p>El titular de Petroper\u00fa explic\u00f3 que la crisis en la empresa ha provocado que la refiner\u00eda de Iquitos, en la amaz\u00f3nica regi\u00f3n de Loreto, est\u00e9 paralizada por falta de combustible.<\/p>\n<p>\u00abLa (refiner\u00eda) de Talara (la m\u00e1s grande del pa\u00eds) est\u00e1 por parar y la de Conch\u00e1n tambi\u00e9n\u00bb, agreg\u00f3 el funcionario en referencia a las instalaciones en la norte\u00f1a regi\u00f3n de Piura y en la de Lima.<\/p>\n<p>Urge evitar escasez de combustible<br \/>\nTambi\u00e9n, advirti\u00f3 que \u00absi no tomamos medidas de emergencia, el Per\u00fa se queda sin combustible\u00bb a partir de mayo pr\u00f3ximo.<\/p>\n<p>El titular de Petroper\u00fa a\u00f1adi\u00f3 que la propuesta de financiamiento considera la participaci\u00f3n de la banca privada, similar a una asociaci\u00f3n p\u00fablico privada, con una garant\u00eda contingente del Estado peruano.<\/p>\n<p>\u00abNo es un aporte directo del Estado, sino una garant\u00eda en caso de contingencia\u00bb, como un desastre o evento internacional, se\u00f1al\u00f3.<\/p>\n<p>En su exposici\u00f3n ante la comisi\u00f3n de Presupuesto, Ar\u00e9valo revel\u00f3 que la deuda de Petroper\u00fa ascend\u00eda a 7.899 millones de d\u00f3lares hasta febrero pasado y que las p\u00e9rdidas de los \u00faltimos cuatro a\u00f1os se elevaron a 2.500 millones de d\u00f3lares.<\/p>\n<p>gs (efe, Gesti\u00f3n)<\/p>\n","protected":false},"excerpt":{"rendered":"<p>El presidente de la petrolera estatal peruana Petroper\u00fa, Roger Ar\u00e9valo, reiter\u00f3 el martes (28.04.2026) el pedido al gobierno nacional de un cr\u00e9dito de 2.000 millones de d\u00f3lares para mantener sus operaciones y evitar la paralizaci\u00f3n de dos refiner\u00edas, ante la grave crisis financiera que le ha llevado a iniciar un proceso de reestructuraci\u00f3n de sus [&hellip;]<\/p>\n","protected":false},"author":1,"featured_media":21398,"comment_status":"open","ping_status":"open","sticky":false,"template":"","format":"standard","meta":{"footnotes":""},"categories":[8],"tags":[],"_links":{"self":[{"href":"https:\/\/infozamoraec.com\/index.php\/wp-json\/wp\/v2\/posts\/21397"}],"collection":[{"href":"https:\/\/infozamoraec.com\/index.php\/wp-json\/wp\/v2\/posts"}],"about":[{"href":"https:\/\/infozamoraec.com\/index.php\/wp-json\/wp\/v2\/types\/post"}],"author":[{"embeddable":true,"href":"https:\/\/infozamoraec.com\/index.php\/wp-json\/wp\/v2\/users\/1"}],"replies":[{"embeddable":true,"href":"https:\/\/infozamoraec.com\/index.php\/wp-json\/wp\/v2\/comments?post=21397"}],"version-history":[{"count":1,"href":"https:\/\/infozamoraec.com\/index.php\/wp-json\/wp\/v2\/posts\/21397\/revisions"}],"predecessor-version":[{"id":21399,"href":"https:\/\/infozamoraec.com\/index.php\/wp-json\/wp\/v2\/posts\/21397\/revisions\/21399"}],"wp:featuredmedia":[{"embeddable":true,"href":"https:\/\/infozamoraec.com\/index.php\/wp-json\/wp\/v2\/media\/21398"}],"wp:attachment":[{"href":"https:\/\/infozamoraec.com\/index.php\/wp-json\/wp\/v2\/media?parent=21397"}],"wp:term":[{"taxonomy":"category","embeddable":true,"href":"https:\/\/infozamoraec.com\/index.php\/wp-json\/wp\/v2\/categories?post=21397"},{"taxonomy":"post_tag","embeddable":true,"href":"https:\/\/infozamoraec.com\/index.php\/wp-json\/wp\/v2\/tags?post=21397"}],"curies":[{"name":"wp","href":"https:\/\/api.w.org\/{rel}","templated":true}]}}