{"id":21394,"date":"2026-04-29T02:02:51","date_gmt":"2026-04-29T02:02:51","guid":{"rendered":"https:\/\/infozamoraec.com\/?p=21394"},"modified":"2026-04-29T02:02:51","modified_gmt":"2026-04-29T02:02:51","slug":"cae-guerrillero-ligado-a-atentado-contra-civiles-en-colombia","status":"publish","type":"post","link":"https:\/\/infozamoraec.com\/index.php\/2026\/04\/29\/cae-guerrillero-ligado-a-atentado-contra-civiles-en-colombia\/","title":{"rendered":"Cae guerrillero ligado a atentado contra civiles en Colombia"},"content":{"rendered":"<p>La Polic\u00eda colombiana captur\u00f3 este martes (28.04.2026) a un cabecilla guerrillero se\u00f1alado como \u00abprincipal responsable\u00bb del mort\u00edfero atentado que dej\u00f3 21 muertos el s\u00e1bado en Colombia, el peor ataque contra civiles en las \u00faltimas tres d\u00e9cadas.<\/p>\n<p>Las autoridades atribuyen el ataque con explosivos a una disidencia de la extinta guerrilla de las FARC con fuerte presencia en el suroeste del pa\u00eds.<\/p>\n<p>Jos\u00e9 Vitonco, alias \u00abMi Pez\u00bb, es el \u00abprincipal responsable\u00bb del atentado del fin de semana en el departamento del Cauca, que dej\u00f3 adem\u00e1s 56 heridos, dijo la polic\u00eda en un comunicado.<\/p>\n<p>Es el \u00abm\u00e1ximo cabecilla\u00bb de una estructura local vinculada a las filas de Iv\u00e1n Mordisco, el rebelde m\u00e1s buscado del pa\u00eds.<\/p>\n<p>El Cauca es uno de los principales bastiones del grupo armado y tiene una extensa superficie de narcocultivos.<\/p>\n<p>La embestida en plena campa\u00f1a electoral evoca la peor era del conflicto armado, en medio de un recrudecimiento de la violencia a puertas de la primera vuelta de las elecciones presidenciales, el 31 de mayo.<\/p>\n<p>El presidente izquierdista Gustavo Petro califica el ataque como un acto de \u00abterrorismo\u00bb.<\/p>\n<p>Vitonco es \u00abresponsable de alto nivel de la columna Dagoberto Ramos\u00bb y aliado de Mordisco, por quien las autoridades ofrecen una millonaria recompensa, dijo el martes Petro en la red social X.<\/p>\n","protected":false},"excerpt":{"rendered":"<p>La Polic\u00eda colombiana captur\u00f3 este martes (28.04.2026) a un cabecilla guerrillero se\u00f1alado como \u00abprincipal responsable\u00bb del mort\u00edfero atentado que dej\u00f3 21 muertos el s\u00e1bado en Colombia, el peor ataque contra civiles en las \u00faltimas tres d\u00e9cadas. Las autoridades atribuyen el ataque con explosivos a una disidencia de la extinta guerrilla de las FARC con fuerte [&hellip;]<\/p>\n","protected":false},"author":1,"featured_media":21395,"comment_status":"open","ping_status":"open","sticky":false,"template":"","format":"standard","meta":{"footnotes":""},"categories":[8],"tags":[],"_links":{"self":[{"href":"https:\/\/infozamoraec.com\/index.php\/wp-json\/wp\/v2\/posts\/21394"}],"collection":[{"href":"https:\/\/infozamoraec.com\/index.php\/wp-json\/wp\/v2\/posts"}],"about":[{"href":"https:\/\/infozamoraec.com\/index.php\/wp-json\/wp\/v2\/types\/post"}],"author":[{"embeddable":true,"href":"https:\/\/infozamoraec.com\/index.php\/wp-json\/wp\/v2\/users\/1"}],"replies":[{"embeddable":true,"href":"https:\/\/infozamoraec.com\/index.php\/wp-json\/wp\/v2\/comments?post=21394"}],"version-history":[{"count":1,"href":"https:\/\/infozamoraec.com\/index.php\/wp-json\/wp\/v2\/posts\/21394\/revisions"}],"predecessor-version":[{"id":21396,"href":"https:\/\/infozamoraec.com\/index.php\/wp-json\/wp\/v2\/posts\/21394\/revisions\/21396"}],"wp:featuredmedia":[{"embeddable":true,"href":"https:\/\/infozamoraec.com\/index.php\/wp-json\/wp\/v2\/media\/21395"}],"wp:attachment":[{"href":"https:\/\/infozamoraec.com\/index.php\/wp-json\/wp\/v2\/media?parent=21394"}],"wp:term":[{"taxonomy":"category","embeddable":true,"href":"https:\/\/infozamoraec.com\/index.php\/wp-json\/wp\/v2\/categories?post=21394"},{"taxonomy":"post_tag","embeddable":true,"href":"https:\/\/infozamoraec.com\/index.php\/wp-json\/wp\/v2\/tags?post=21394"}],"curies":[{"name":"wp","href":"https:\/\/api.w.org\/{rel}","templated":true}]}}