{"id":21391,"date":"2026-04-29T02:01:19","date_gmt":"2026-04-29T02:01:19","guid":{"rendered":"https:\/\/infozamoraec.com\/?p=21391"},"modified":"2026-04-29T02:01:19","modified_gmt":"2026-04-29T02:01:19","slug":"gobierno-entrega-textos-escolares-gratuitos-para-16-millones-de-estudiantes-del-regimen-costa-galapagos","status":"publish","type":"post","link":"https:\/\/infozamoraec.com\/index.php\/2026\/04\/29\/gobierno-entrega-textos-escolares-gratuitos-para-16-millones-de-estudiantes-del-regimen-costa-galapagos\/","title":{"rendered":"Gobierno entrega textos escolares gratuitos para 1,6 millones de estudiantes del r\u00e9gimen Costa-Gal\u00e1pagos"},"content":{"rendered":"<p>El Gobierno nacional realiz\u00f3 la entrega de textos escolares gratuitos antes del inicio de clases para el r\u00e9gimen Costa-Gal\u00e1pagos 2026-2027, que ser\u00e1 el 4 de mayo de manera progresiva, seg\u00fan el cronograma del Ministerio de Educaci\u00f3n.<\/p>\n<p>La vicepresidenta del Ecuador, Mar\u00eda Jos\u00e9 Pinto, junto con el viceministro de Gesti\u00f3n Educativa, Juan Carlos Rodr\u00edguez, lideraron el evento.<\/p>\n<p>El acto se realiz\u00f3 en el colegio 28 de Mayo, situado en el norte de Guayaquil, y empez\u00f3 con la presentaci\u00f3n art\u00edstica y cultural de alumnos pertenecientes a diferentes colegios de la ciudad.<\/p>\n<p>El hecho ocurri\u00f3 este martes, 28 de abril de 2026.<\/p>\n<p>Seg\u00fan las autoridades, m\u00e1s de 1,6 millones de estudiantes recibir\u00e1n los libros, desde primero de educaci\u00f3n general b\u00e1sica hasta tercero de bachillerato.<\/p>\n<p>Para asegurar la producci\u00f3n y distribuci\u00f3n de los textos, el Gobierno destin\u00f3 aproximadamente 19,3 millones de d\u00f3lares.<\/p>\n<p>Declaraciones de las autoridades<br \/>\n\u201cSolo en el r\u00e9gimen Costa estamos invirtiendo m\u00e1s de 19 millones de d\u00f3lares en estos textos escolares, pero lo importante no es la cifra, sino lo que permite\u00bb, expres\u00f3 la vicepresidenta Mar\u00eda Jos\u00e9 Pinto.<\/p>\n<p>\u201cEstos textos no son un tr\u00e1mite: son una herramienta concreta para aprender, avanzar y sostener el ritmo de cada ni\u00f1o. Cada p\u00e1gina que hoy reciben tiene un prop\u00f3sito clave: acompa\u00f1ar al proceso educativo\u00bb, indic\u00f3 Pinto.<\/p>\n<p>En ese sentido, Juan Carlos Rodr\u00edguez, viceministro de Gesti\u00f3n Educativa, explic\u00f3 que los textos corresponden a asignaturas como Lenguaje, Matem\u00e1ticas, F\u00edsica, Qu\u00edmica y Estudios Sociales.<\/p>\n<p>Rodr\u00edguez manifest\u00f3 que la entrega ya empez\u00f3 desde este martes y se realizar\u00e1 de forma progresiva.<\/p>\n<p>\u201cEn este momento est\u00e1n siendo entregados los textos escolares para que los ni\u00f1os los puedan utilizar desde el primer d\u00eda de clases\u201c, enfatiz\u00f3.<\/p>\n<p>Seg\u00fan el Ministerio de Educaci\u00f3n, los siguientes pasos para continuar fortaleciendo el sistema educativo est\u00e1n relacionados con el mejoramiento pedag\u00f3gico y acad\u00e9mico, as\u00ed como con el desarrollo integral de los estudiantes.<\/p>\n","protected":false},"excerpt":{"rendered":"<p>El Gobierno nacional realiz\u00f3 la entrega de textos escolares gratuitos antes del inicio de clases para el r\u00e9gimen Costa-Gal\u00e1pagos 2026-2027, que ser\u00e1 el 4 de mayo de manera progresiva, seg\u00fan el cronograma del Ministerio de Educaci\u00f3n. La vicepresidenta del Ecuador, Mar\u00eda Jos\u00e9 Pinto, junto con el viceministro de Gesti\u00f3n Educativa, Juan Carlos Rodr\u00edguez, lideraron el [&hellip;]<\/p>\n","protected":false},"author":1,"featured_media":21392,"comment_status":"open","ping_status":"open","sticky":false,"template":"","format":"standard","meta":{"footnotes":""},"categories":[12],"tags":[],"_links":{"self":[{"href":"https:\/\/infozamoraec.com\/index.php\/wp-json\/wp\/v2\/posts\/21391"}],"collection":[{"href":"https:\/\/infozamoraec.com\/index.php\/wp-json\/wp\/v2\/posts"}],"about":[{"href":"https:\/\/infozamoraec.com\/index.php\/wp-json\/wp\/v2\/types\/post"}],"author":[{"embeddable":true,"href":"https:\/\/infozamoraec.com\/index.php\/wp-json\/wp\/v2\/users\/1"}],"replies":[{"embeddable":true,"href":"https:\/\/infozamoraec.com\/index.php\/wp-json\/wp\/v2\/comments?post=21391"}],"version-history":[{"count":1,"href":"https:\/\/infozamoraec.com\/index.php\/wp-json\/wp\/v2\/posts\/21391\/revisions"}],"predecessor-version":[{"id":21393,"href":"https:\/\/infozamoraec.com\/index.php\/wp-json\/wp\/v2\/posts\/21391\/revisions\/21393"}],"wp:featuredmedia":[{"embeddable":true,"href":"https:\/\/infozamoraec.com\/index.php\/wp-json\/wp\/v2\/media\/21392"}],"wp:attachment":[{"href":"https:\/\/infozamoraec.com\/index.php\/wp-json\/wp\/v2\/media?parent=21391"}],"wp:term":[{"taxonomy":"category","embeddable":true,"href":"https:\/\/infozamoraec.com\/index.php\/wp-json\/wp\/v2\/categories?post=21391"},{"taxonomy":"post_tag","embeddable":true,"href":"https:\/\/infozamoraec.com\/index.php\/wp-json\/wp\/v2\/tags?post=21391"}],"curies":[{"name":"wp","href":"https:\/\/api.w.org\/{rel}","templated":true}]}}