{"id":21385,"date":"2026-04-29T01:57:24","date_gmt":"2026-04-29T01:57:24","guid":{"rendered":"https:\/\/infozamoraec.com\/?p=21385"},"modified":"2026-04-29T02:10:19","modified_gmt":"2026-04-29T02:10:19","slug":"jaime-bernabe-garantiza-el-abastecimiento-de-insumos-y-medicinas-en-hospitales","status":"publish","type":"post","link":"https:\/\/infozamoraec.com\/index.php\/2026\/04\/29\/jaime-bernabe-garantiza-el-abastecimiento-de-insumos-y-medicinas-en-hospitales\/","title":{"rendered":"Jaime Bernab\u00e9 garantiza el abastecimiento de insumos y medicinas en hospitales"},"content":{"rendered":"<p>El flamante Ministro de Salud, Jaime Bernab\u00e9 precis\u00f3 durante la rendici\u00f3n de cuentas de esa cartera de Estado que garantizar\u00e1 el abastecimiento de insumos y medicinas en los hospitales de la red p\u00fablica.<\/p>\n<p>La sesi\u00f3n fue transmitida por eredes sociales y el funcinario expres\u00f3 su agradecimiento con el presidente Daniel Noboa por su nombramiento y a\u00f1adi\u00f3:<\/p>\n<p>\u00abMi compromiso es claro, avanzar con responsabilidad, eficiencia y transparencia para garantizar una atenci\u00f3n digna, oportuna y de calidad en toda la red p\u00fablica de salud\u00ab.<\/p>\n<p>Bernab\u00e9 precis\u00f3 que su gesti\u00f3n tendr\u00e1 tres pilares: \u00abGarantizar el abastecimiento continuo de medicamentos, e insumos esenciales, garantizando que lleguen de manera oportuna a cada establecimiento de salud\u00ab, dijo. Habl\u00f3 adem\u00e1s sobre optimizar los servicios, reducir tiempos de atenci\u00f3n y priorizar el primer nivel de atenci\u00f3n como eje del sistema de salud.<\/p>\n<p>Finalmente dijo que luchar\u00e1 de frente contra la corrupci\u00f3n y llam\u00f3 a la unidad en ese sentido: \u00abConvoco al personal de salud, a las instituciones, al sector privado y a la ciudadan\u00eda a sumar esfuerzos, para seguir construyendo un sistema m\u00e1s s\u00f3lido\u00bb, expres\u00f3 finalmente. (I)<\/p>\n","protected":false},"excerpt":{"rendered":"<p>El flamante Ministro de Salud, Jaime Bernab\u00e9 precis\u00f3 durante la rendici\u00f3n de cuentas de esa cartera de Estado que garantizar\u00e1 el abastecimiento de insumos y medicinas en los hospitales de la red p\u00fablica. La sesi\u00f3n fue transmitida por eredes sociales y el funcinario expres\u00f3 su agradecimiento con el presidente Daniel Noboa por su nombramiento y [&hellip;]<\/p>\n","protected":false},"author":1,"featured_media":21386,"comment_status":"open","ping_status":"open","sticky":false,"template":"","format":"standard","meta":{"footnotes":""},"categories":[12],"tags":[],"_links":{"self":[{"href":"https:\/\/infozamoraec.com\/index.php\/wp-json\/wp\/v2\/posts\/21385"}],"collection":[{"href":"https:\/\/infozamoraec.com\/index.php\/wp-json\/wp\/v2\/posts"}],"about":[{"href":"https:\/\/infozamoraec.com\/index.php\/wp-json\/wp\/v2\/types\/post"}],"author":[{"embeddable":true,"href":"https:\/\/infozamoraec.com\/index.php\/wp-json\/wp\/v2\/users\/1"}],"replies":[{"embeddable":true,"href":"https:\/\/infozamoraec.com\/index.php\/wp-json\/wp\/v2\/comments?post=21385"}],"version-history":[{"count":1,"href":"https:\/\/infozamoraec.com\/index.php\/wp-json\/wp\/v2\/posts\/21385\/revisions"}],"predecessor-version":[{"id":21387,"href":"https:\/\/infozamoraec.com\/index.php\/wp-json\/wp\/v2\/posts\/21385\/revisions\/21387"}],"wp:featuredmedia":[{"embeddable":true,"href":"https:\/\/infozamoraec.com\/index.php\/wp-json\/wp\/v2\/media\/21386"}],"wp:attachment":[{"href":"https:\/\/infozamoraec.com\/index.php\/wp-json\/wp\/v2\/media?parent=21385"}],"wp:term":[{"taxonomy":"category","embeddable":true,"href":"https:\/\/infozamoraec.com\/index.php\/wp-json\/wp\/v2\/categories?post=21385"},{"taxonomy":"post_tag","embeddable":true,"href":"https:\/\/infozamoraec.com\/index.php\/wp-json\/wp\/v2\/tags?post=21385"}],"curies":[{"name":"wp","href":"https:\/\/api.w.org\/{rel}","templated":true}]}}