{"id":21382,"date":"2026-04-29T01:55:50","date_gmt":"2026-04-29T01:55:50","guid":{"rendered":"https:\/\/infozamoraec.com\/?p=21382"},"modified":"2026-04-29T02:10:06","modified_gmt":"2026-04-29T02:10:06","slug":"el-gobierno-allana-oficinas-del-cnel","status":"publish","type":"post","link":"https:\/\/infozamoraec.com\/index.php\/2026\/04\/29\/el-gobierno-allana-oficinas-del-cnel\/","title":{"rendered":"El Gobierno allana oficinas del CNEL"},"content":{"rendered":"<p>El Gobierno del Ecuador allan\u00f3 esta ma\u00f1ana las oficinas de la empresa estatal Corporaci\u00f3n Nacional El\u00e9ctrica (CNEL). El operativo se desarrolla en distintas provincias con apoyo de la fuerza p\u00fablica. En los allanamientos estuvo presente el presidente de la Rep\u00fablica, Daniel Noboa y el Ministro del Interior, John Reimberg. Asimismo estuvieron presentes la ministra de Ambiente y Energ\u00eda, In\u00e9s Manzano; el secretario general de Integridad P\u00fablica, Jos\u00e9 Julio Neira, y autoridades militares y policiales lideran el operativo.<\/p>\n<p>Noboa reaccion\u00f3 a este hecho y se\u00f1al\u00f3 que las intervenciones responden a la desarticulaci\u00f3n de una red de corrupci\u00f3n \u00abque oper\u00f3 por m\u00e1s de 11 a\u00f1os dentro de CNEL\u00ab. Seg\u00fan explic\u00f3, este esquema inclu\u00eda la alteraci\u00f3n de facturas a cambio de sobornos, el uso de reclamos para evadir pagos y el supuesto respaldo de funcionarios de la Agencia de Regulaci\u00f3n y Control de Electricidad (Arconel) para sostener estas pr\u00e1cticas.<\/p>\n<p>Seg\u00fan el mandatario, la red habr\u00eda manipulado proyectos el\u00e9ctricos y provocado fallas que afectaron directamente a los usuarios, generando p\u00e9rdidas para el Estado de al menos 300 millones de d\u00f3lares.<\/p>\n<p>Los operativos se desarrollan a nivel nacional. (I)<\/p>\n","protected":false},"excerpt":{"rendered":"<p>El Gobierno del Ecuador allan\u00f3 esta ma\u00f1ana las oficinas de la empresa estatal Corporaci\u00f3n Nacional El\u00e9ctrica (CNEL). El operativo se desarrolla en distintas provincias con apoyo de la fuerza p\u00fablica. En los allanamientos estuvo presente el presidente de la Rep\u00fablica, Daniel Noboa y el Ministro del Interior, John Reimberg. Asimismo estuvieron presentes la ministra de [&hellip;]<\/p>\n","protected":false},"author":1,"featured_media":21383,"comment_status":"open","ping_status":"open","sticky":false,"template":"","format":"standard","meta":{"footnotes":""},"categories":[12],"tags":[],"_links":{"self":[{"href":"https:\/\/infozamoraec.com\/index.php\/wp-json\/wp\/v2\/posts\/21382"}],"collection":[{"href":"https:\/\/infozamoraec.com\/index.php\/wp-json\/wp\/v2\/posts"}],"about":[{"href":"https:\/\/infozamoraec.com\/index.php\/wp-json\/wp\/v2\/types\/post"}],"author":[{"embeddable":true,"href":"https:\/\/infozamoraec.com\/index.php\/wp-json\/wp\/v2\/users\/1"}],"replies":[{"embeddable":true,"href":"https:\/\/infozamoraec.com\/index.php\/wp-json\/wp\/v2\/comments?post=21382"}],"version-history":[{"count":1,"href":"https:\/\/infozamoraec.com\/index.php\/wp-json\/wp\/v2\/posts\/21382\/revisions"}],"predecessor-version":[{"id":21384,"href":"https:\/\/infozamoraec.com\/index.php\/wp-json\/wp\/v2\/posts\/21382\/revisions\/21384"}],"wp:featuredmedia":[{"embeddable":true,"href":"https:\/\/infozamoraec.com\/index.php\/wp-json\/wp\/v2\/media\/21383"}],"wp:attachment":[{"href":"https:\/\/infozamoraec.com\/index.php\/wp-json\/wp\/v2\/media?parent=21382"}],"wp:term":[{"taxonomy":"category","embeddable":true,"href":"https:\/\/infozamoraec.com\/index.php\/wp-json\/wp\/v2\/categories?post=21382"},{"taxonomy":"post_tag","embeddable":true,"href":"https:\/\/infozamoraec.com\/index.php\/wp-json\/wp\/v2\/tags?post=21382"}],"curies":[{"name":"wp","href":"https:\/\/api.w.org\/{rel}","templated":true}]}}