{"id":21378,"date":"2026-04-29T01:53:56","date_gmt":"2026-04-29T01:53:56","guid":{"rendered":"https:\/\/infozamoraec.com\/?p=21378"},"modified":"2026-04-29T01:53:56","modified_gmt":"2026-04-29T01:53:56","slug":"organizacion-de-mujeres-rinde-cuentas-y-destaca-trabajo-en-prevencion-de-violencia-de-genero-en-zamora-chinchipe","status":"publish","type":"post","link":"https:\/\/infozamoraec.com\/index.php\/2026\/04\/29\/organizacion-de-mujeres-rinde-cuentas-y-destaca-trabajo-en-prevencion-de-violencia-de-genero-en-zamora-chinchipe\/","title":{"rendered":"Organizaci\u00f3n de mujeres rinde cuentas y destaca trabajo en prevenci\u00f3n de violencia de g\u00e9nero en Zamora Chinchipe"},"content":{"rendered":"<p>La Asociaci\u00f3n Coordinadora Pol\u00edtica de Mujeres Ecuatorianas en Zamora Chinchipe, este 28 de\u00a0 abril,\u00a0 present\u00f3 su informe de rendici\u00f3n de cuentas correspondiente al a\u00f1o 2025, en un acto desarrollado en el Sal\u00f3n del Pueblo de la ciudad de\u00a0 Zamora, con la participaci\u00f3n de autoridades locales, organizaciones sociales y ciudadan\u00eda.<\/p>\n<p>El evento fue organizado junto al Centro de Atenci\u00f3n a V\u00edctimas de Violencia de G\u00e9nero \u201cMujer de Luz\u201d, destacando el trabajo articulado que se impulsa desde los centros ubicados en Zamora y Yantzaza, enfocados en la prevenci\u00f3n y erradicaci\u00f3n de la violencia contra las mujeres.<\/p>\n<p>Durante la jornada se expusieron los principales resultados de gesti\u00f3n, haciendo \u00e9nfasis en el manejo transparente de los recursos y en las acciones desarrolladas para brindar atenci\u00f3n y acompa\u00f1amiento a v\u00edctimas de violencia. Adem\u00e1s, se resalt\u00f3 el respaldo institucional del Ministerio de Gobierno de Ecuador, que ha contribuido con financiamiento para el funcionamiento de estos servicios.<\/p>\n<p>El acto cont\u00f3 con la presencia de autoridades como Blanca Carri\u00f3n, vicealcaldesa de Zamora, y Ximena Monta\u00f1o, concejala, as\u00ed como representantes barriales, gremios y delegados de la Polic\u00eda Nacional del Ecuador.<\/p>\n<p>Asimismo, se reconoci\u00f3 el apoyo de la alcaldesa de Yantzaza, Mar\u00eda Lalangui, por su aporte a iniciativas orientadas a fortalecer la atenci\u00f3n integral y la protecci\u00f3n de derechos de las mujeres.<\/p>\n<p>Los representantes de la organizaci\u00f3n se\u00f1alaron que continuar\u00e1n trabajando con enfoque social, transparencia y responsabilidad, promoviendo acciones que contribuyan a garantizar una vida libre de violencia y a fortalecer la igualdad en la provincia.<\/p>\n<p>El encuentro concluy\u00f3 con un llamado a mantener el trabajo conjunto entre instituciones y ciudadan\u00eda para consolidar entornos seguros y justos para las mujeres.<\/p>\n","protected":false},"excerpt":{"rendered":"<p>La Asociaci\u00f3n Coordinadora Pol\u00edtica de Mujeres Ecuatorianas en Zamora Chinchipe, este 28 de\u00a0 abril,\u00a0 present\u00f3 su informe de rendici\u00f3n de cuentas correspondiente al a\u00f1o 2025, en un acto desarrollado en el Sal\u00f3n del Pueblo de la ciudad de\u00a0 Zamora, con la participaci\u00f3n de autoridades locales, organizaciones sociales y ciudadan\u00eda. El evento fue organizado junto al [&hellip;]<\/p>\n","protected":false},"author":1,"featured_media":21379,"comment_status":"open","ping_status":"open","sticky":false,"template":"","format":"standard","meta":{"footnotes":""},"categories":[9],"tags":[],"_links":{"self":[{"href":"https:\/\/infozamoraec.com\/index.php\/wp-json\/wp\/v2\/posts\/21378"}],"collection":[{"href":"https:\/\/infozamoraec.com\/index.php\/wp-json\/wp\/v2\/posts"}],"about":[{"href":"https:\/\/infozamoraec.com\/index.php\/wp-json\/wp\/v2\/types\/post"}],"author":[{"embeddable":true,"href":"https:\/\/infozamoraec.com\/index.php\/wp-json\/wp\/v2\/users\/1"}],"replies":[{"embeddable":true,"href":"https:\/\/infozamoraec.com\/index.php\/wp-json\/wp\/v2\/comments?post=21378"}],"version-history":[{"count":1,"href":"https:\/\/infozamoraec.com\/index.php\/wp-json\/wp\/v2\/posts\/21378\/revisions"}],"predecessor-version":[{"id":21380,"href":"https:\/\/infozamoraec.com\/index.php\/wp-json\/wp\/v2\/posts\/21378\/revisions\/21380"}],"wp:featuredmedia":[{"embeddable":true,"href":"https:\/\/infozamoraec.com\/index.php\/wp-json\/wp\/v2\/media\/21379"}],"wp:attachment":[{"href":"https:\/\/infozamoraec.com\/index.php\/wp-json\/wp\/v2\/media?parent=21378"}],"wp:term":[{"taxonomy":"category","embeddable":true,"href":"https:\/\/infozamoraec.com\/index.php\/wp-json\/wp\/v2\/categories?post=21378"},{"taxonomy":"post_tag","embeddable":true,"href":"https:\/\/infozamoraec.com\/index.php\/wp-json\/wp\/v2\/tags?post=21378"}],"curies":[{"name":"wp","href":"https:\/\/api.w.org\/{rel}","templated":true}]}}