{"id":21363,"date":"2026-04-28T02:29:33","date_gmt":"2026-04-28T02:29:33","guid":{"rendered":"https:\/\/infozamoraec.com\/?p=21363"},"modified":"2026-04-28T02:29:45","modified_gmt":"2026-04-28T02:29:45","slug":"presidenta-de-venezuela-llega-a-barbados-en-visita-oficial","status":"publish","type":"post","link":"https:\/\/infozamoraec.com\/index.php\/2026\/04\/28\/presidenta-de-venezuela-llega-a-barbados-en-visita-oficial\/","title":{"rendered":"Presidenta de Venezuela llega a Barbados en visita oficial"},"content":{"rendered":"<p>La presidenta encargada de Venezuela, Delcy Rodr\u00edguez, lleg\u00f3 este domingo (26.04.2026) a Barbados junto a una comitiva de su Gobierno, en su segundo viaje oficial desde que asumi\u00f3 las funciones del Ejecutivo en enero, tras la captura del ahora depuesto Nicol\u00e1s Maduro por parte de fuerzas estadounidenses.<\/p>\n<p>Seg\u00fan el canal estatal Venezolana de Televisi\u00f3n (VTV), que transmiti\u00f3 su llegada a las 19:40 hora local (23:40 GMT), Rodr\u00edguez aterriz\u00f3 en el Aeropuerto Internacional Grantley Adams de Barbados, donde fue recibida con los \u00abhonores correspondientes\u00bb como jefa de Estado.<\/p>\n<p>La mandataria encargada venezolana viaj\u00f3 acompa\u00f1ada del ministro de Comunicaci\u00f3n e Informaci\u00f3n, Miguel \u00c1ngel P\u00e9rez Pirela; el ministro de Despacho de la Presidencia, Juan Escalona; y el viceministro de Exteriores para el Caribe, Ra\u00fal LiCausi.<\/p>\n<p>VTV y el Ministerio de Comunicaci\u00f3n indicaron que el prop\u00f3sito del viaje es \u00abcumplir agenda estrat\u00e9gica\u00bb, sin dar m\u00e1s detalles sobre los objetivos o reuniones previstas, tampoco informaron sobre la duraci\u00f3n de la estancia de la presidenta encargada.<\/p>\n<p>El canal estatal inform\u00f3 que la comitiva venezolana fue recibida por el ministro de Relaciones Exteriores y Comercio Exterior de Barbados, Christopher Peter Sinckler; junto a Selma Green, secretaria de Gabinete; y Alice Jordan, secretaria permanente de la oficina de la primera ministra, Mia Mottley.<\/p>\n<p>Memorando de entendimiento<br \/>\nAsimismo, en el aeropuerto estaba tambi\u00e9n la encargada de negocios de Venezuela en Barbados, Martha Ortega, junto a otros funcionarios de la embajada venezolana en la isla.<\/p>\n<p>En 2024, Venezuela y Barbados firmaron un memorando de entendimiento para fortalecer sus relaciones bilaterales y profundizar la cooperaci\u00f3n en el sector tur\u00edstico, inform\u00f3 entonces el Ministerio de Turismo venezolano.<\/p>\n<p>Ese pa\u00eds insular fue, adem\u00e1s, sede de las conversaciones entre delegaciones del chavismo y la oposici\u00f3n celebradas en 2023, y que llevaron a un acuerdo de garant\u00edas para las elecciones presidenciales de julio de 2024, que fue incumplido.<\/p>\n<p>Se trata de la primera visita oficial de Rodr\u00edguez como presidenta a Barbados, y su segundo viaje al extranjero, luego de que el 9 de abril visitara Granada, donde sostuvo reuniones con altos funcionarios de ese Gobierno para establecer canales de comunicaci\u00f3n \u00abm\u00e1s directos\u00bb entre ambos pa\u00edses.<\/p>\n<p>Rodr\u00edguez asumi\u00f3 la presidencia encargada el pasado 5 de enero, dos d\u00edas despu\u00e9s del ataque militar estadounidense que culmin\u00f3 con la captura del ahora depuesto Nicol\u00e1s Maduro, actualmente encarcelado en Estados Unidos.<\/p>\n<p>mg (efe, El Universal)<\/p>\n","protected":false},"excerpt":{"rendered":"<p>La presidenta encargada de Venezuela, Delcy Rodr\u00edguez, lleg\u00f3 este domingo (26.04.2026) a Barbados junto a una comitiva de su Gobierno, en su segundo viaje oficial desde que asumi\u00f3 las funciones del Ejecutivo en enero, tras la captura del ahora depuesto Nicol\u00e1s Maduro por parte de fuerzas estadounidenses. Seg\u00fan el canal estatal Venezolana de Televisi\u00f3n (VTV), [&hellip;]<\/p>\n","protected":false},"author":1,"featured_media":21364,"comment_status":"open","ping_status":"open","sticky":false,"template":"","format":"standard","meta":{"footnotes":""},"categories":[8],"tags":[],"_links":{"self":[{"href":"https:\/\/infozamoraec.com\/index.php\/wp-json\/wp\/v2\/posts\/21363"}],"collection":[{"href":"https:\/\/infozamoraec.com\/index.php\/wp-json\/wp\/v2\/posts"}],"about":[{"href":"https:\/\/infozamoraec.com\/index.php\/wp-json\/wp\/v2\/types\/post"}],"author":[{"embeddable":true,"href":"https:\/\/infozamoraec.com\/index.php\/wp-json\/wp\/v2\/users\/1"}],"replies":[{"embeddable":true,"href":"https:\/\/infozamoraec.com\/index.php\/wp-json\/wp\/v2\/comments?post=21363"}],"version-history":[{"count":1,"href":"https:\/\/infozamoraec.com\/index.php\/wp-json\/wp\/v2\/posts\/21363\/revisions"}],"predecessor-version":[{"id":21365,"href":"https:\/\/infozamoraec.com\/index.php\/wp-json\/wp\/v2\/posts\/21363\/revisions\/21365"}],"wp:featuredmedia":[{"embeddable":true,"href":"https:\/\/infozamoraec.com\/index.php\/wp-json\/wp\/v2\/media\/21364"}],"wp:attachment":[{"href":"https:\/\/infozamoraec.com\/index.php\/wp-json\/wp\/v2\/media?parent=21363"}],"wp:term":[{"taxonomy":"category","embeddable":true,"href":"https:\/\/infozamoraec.com\/index.php\/wp-json\/wp\/v2\/categories?post=21363"},{"taxonomy":"post_tag","embeddable":true,"href":"https:\/\/infozamoraec.com\/index.php\/wp-json\/wp\/v2\/tags?post=21363"}],"curies":[{"name":"wp","href":"https:\/\/api.w.org\/{rel}","templated":true}]}}