{"id":21360,"date":"2026-04-28T02:27:45","date_gmt":"2026-04-28T02:27:45","guid":{"rendered":"https:\/\/infozamoraec.com\/?p=21360"},"modified":"2026-04-28T02:27:45","modified_gmt":"2026-04-28T02:27:45","slug":"eeuu-condena-ataque-que-dejo-20-civiles-muertos-en-colombia","status":"publish","type":"post","link":"https:\/\/infozamoraec.com\/index.php\/2026\/04\/28\/eeuu-condena-ataque-que-dejo-20-civiles-muertos-en-colombia\/","title":{"rendered":"EEUU condena ataque que dej\u00f3 20 civiles muertos en Colombia"},"content":{"rendered":"<p>Estados Unidos conden\u00f3 el lunes (27.04.2026) la escalada violenta registrada en el suroeste de Colombia, donde el s\u00e1bado un atentado con un cilindro cargado con explosivos en la V\u00eda Panamericana, atribuido a presuntos disidentes de las FARC, dej\u00f3 al menos 20 civiles muertos en el departamento del Cauca.<\/p>\n<p>La embajada estadounidense en Bogot\u00e1 expres\u00f3 su solidaridad con el pa\u00eds y con las v\u00edctimas del ataque perpetrado en el sector de El T\u00fanel, en el municipio de Cajib\u00edo, donde el artefacto explosivo fue detonado al paso de varios veh\u00edculos de transporte p\u00fablico y particular.<\/p>\n<p>\u00abEstados Unidos se solidariza con Colombia y condena la reciente escalada terrorista. Nuestra solidaridad est\u00e1 con las v\u00edctimas y las familias afectadas por los recientes ataques terroristas en Valle del Cauca y Cauca\u00bb, se\u00f1al\u00f3 en sus redes sociales la misi\u00f3n diplom\u00e1tica.<\/p>\n<p>A casi un mes de las elecciones del 31 de mayo, la violencia se intensific\u00f3 tras la peor arremetida rebelde en las \u00faltimas tres d\u00e9cadas, con una veintena de v\u00edctimas en el suroeste del pa\u00eds entre el viernes y el domingo.<\/p>\n<p>Adem\u00e1s del atentado perpetrado en la V\u00eda Panamericana, en los \u00faltimos d\u00edas hubo ataques en el vecino departamento del Valle del Cauca, donde fueron lanzados explosivos contra instalaciones militares en Cali y Palmira, en medio de una escalada de violencia atribuida a disidencias del Estado Mayor Central (EMC) de las antiguas FARC.<\/p>\n<p>\u00abLas acciones violentas de Organizaciones Terroristas Extranjeras designadas por EE.UU. y otros grupos armados ilegales no deben ser toleradas\u00bb subray\u00f3 la embajada y a\u00f1adi\u00f3 que \u00abun entorno seguro es fundamental para una Colombia libre y una democracia fuerte\u00bb.<\/p>\n","protected":false},"excerpt":{"rendered":"<p>Estados Unidos conden\u00f3 el lunes (27.04.2026) la escalada violenta registrada en el suroeste de Colombia, donde el s\u00e1bado un atentado con un cilindro cargado con explosivos en la V\u00eda Panamericana, atribuido a presuntos disidentes de las FARC, dej\u00f3 al menos 20 civiles muertos en el departamento del Cauca. La embajada estadounidense en Bogot\u00e1 expres\u00f3 su [&hellip;]<\/p>\n","protected":false},"author":1,"featured_media":21361,"comment_status":"open","ping_status":"open","sticky":false,"template":"","format":"standard","meta":{"footnotes":""},"categories":[8],"tags":[],"_links":{"self":[{"href":"https:\/\/infozamoraec.com\/index.php\/wp-json\/wp\/v2\/posts\/21360"}],"collection":[{"href":"https:\/\/infozamoraec.com\/index.php\/wp-json\/wp\/v2\/posts"}],"about":[{"href":"https:\/\/infozamoraec.com\/index.php\/wp-json\/wp\/v2\/types\/post"}],"author":[{"embeddable":true,"href":"https:\/\/infozamoraec.com\/index.php\/wp-json\/wp\/v2\/users\/1"}],"replies":[{"embeddable":true,"href":"https:\/\/infozamoraec.com\/index.php\/wp-json\/wp\/v2\/comments?post=21360"}],"version-history":[{"count":1,"href":"https:\/\/infozamoraec.com\/index.php\/wp-json\/wp\/v2\/posts\/21360\/revisions"}],"predecessor-version":[{"id":21362,"href":"https:\/\/infozamoraec.com\/index.php\/wp-json\/wp\/v2\/posts\/21360\/revisions\/21362"}],"wp:featuredmedia":[{"embeddable":true,"href":"https:\/\/infozamoraec.com\/index.php\/wp-json\/wp\/v2\/media\/21361"}],"wp:attachment":[{"href":"https:\/\/infozamoraec.com\/index.php\/wp-json\/wp\/v2\/media?parent=21360"}],"wp:term":[{"taxonomy":"category","embeddable":true,"href":"https:\/\/infozamoraec.com\/index.php\/wp-json\/wp\/v2\/categories?post=21360"},{"taxonomy":"post_tag","embeddable":true,"href":"https:\/\/infozamoraec.com\/index.php\/wp-json\/wp\/v2\/tags?post=21360"}],"curies":[{"name":"wp","href":"https:\/\/api.w.org\/{rel}","templated":true}]}}