{"id":21354,"date":"2026-04-28T02:23:30","date_gmt":"2026-04-28T02:23:30","guid":{"rendered":"https:\/\/infozamoraec.com\/?p=21354"},"modified":"2026-04-28T02:23:30","modified_gmt":"2026-04-28T02:23:30","slug":"daniel-noboa-decreta-reduccion-del-iva-al-8-durante-el-feriado-por-el-dia-del-trabajador","status":"publish","type":"post","link":"https:\/\/infozamoraec.com\/index.php\/2026\/04\/28\/daniel-noboa-decreta-reduccion-del-iva-al-8-durante-el-feriado-por-el-dia-del-trabajador\/","title":{"rendered":"Daniel Noboa decreta reducci\u00f3n del IVA al 8 % durante el feriado por el D\u00eda del Trabajador"},"content":{"rendered":"<p>El presidente de Daniel Noboa firm\u00f3 el Decreto Ejecutivo N.\u00ba 368, mediante el cual se dispone la reducci\u00f3n temporal del Impuesto al Valor Agregado (IVA) del 15 % al 8 % para los servicios tur\u00edsticos en todo el pa\u00eds.<\/p>\n<p>Seg\u00fan inform\u00f3 el Ejecutivo, la medida tiene como objetivo incentivar el consumo interno y dinamizar el sector tur\u00edstico durante el feriado por el D\u00eda del Trabajo.<\/p>\n<p>La reducci\u00f3n del impuesto estar\u00e1 vigente desde el jueves 30 de abril hasta el domingo 3 de mayo de 2026. Durante este periodo, los establecimientos que formen parte de las actividades contempladas en la Ley de Turismo deber\u00e1n aplicar la tarifa reducida en la facturaci\u00f3n de sus servicios.<\/p>\n<p>Con esta decisi\u00f3n, el Gobierno busca fortalecer la reactivaci\u00f3n econ\u00f3mica del sector tur\u00edstico, uno de los m\u00e1s afectados en los \u00faltimos a\u00f1os, promoviendo una mayor afluencia de visitantes a distintos destinos del pa\u00eds.<\/p>\n","protected":false},"excerpt":{"rendered":"<p>El presidente de Daniel Noboa firm\u00f3 el Decreto Ejecutivo N.\u00ba 368, mediante el cual se dispone la reducci\u00f3n temporal del Impuesto al Valor Agregado (IVA) del 15 % al 8 % para los servicios tur\u00edsticos en todo el pa\u00eds. Seg\u00fan inform\u00f3 el Ejecutivo, la medida tiene como objetivo incentivar el consumo interno y dinamizar el [&hellip;]<\/p>\n","protected":false},"author":1,"featured_media":21355,"comment_status":"open","ping_status":"open","sticky":false,"template":"","format":"standard","meta":{"footnotes":""},"categories":[12],"tags":[],"_links":{"self":[{"href":"https:\/\/infozamoraec.com\/index.php\/wp-json\/wp\/v2\/posts\/21354"}],"collection":[{"href":"https:\/\/infozamoraec.com\/index.php\/wp-json\/wp\/v2\/posts"}],"about":[{"href":"https:\/\/infozamoraec.com\/index.php\/wp-json\/wp\/v2\/types\/post"}],"author":[{"embeddable":true,"href":"https:\/\/infozamoraec.com\/index.php\/wp-json\/wp\/v2\/users\/1"}],"replies":[{"embeddable":true,"href":"https:\/\/infozamoraec.com\/index.php\/wp-json\/wp\/v2\/comments?post=21354"}],"version-history":[{"count":1,"href":"https:\/\/infozamoraec.com\/index.php\/wp-json\/wp\/v2\/posts\/21354\/revisions"}],"predecessor-version":[{"id":21356,"href":"https:\/\/infozamoraec.com\/index.php\/wp-json\/wp\/v2\/posts\/21354\/revisions\/21356"}],"wp:featuredmedia":[{"embeddable":true,"href":"https:\/\/infozamoraec.com\/index.php\/wp-json\/wp\/v2\/media\/21355"}],"wp:attachment":[{"href":"https:\/\/infozamoraec.com\/index.php\/wp-json\/wp\/v2\/media?parent=21354"}],"wp:term":[{"taxonomy":"category","embeddable":true,"href":"https:\/\/infozamoraec.com\/index.php\/wp-json\/wp\/v2\/categories?post=21354"},{"taxonomy":"post_tag","embeddable":true,"href":"https:\/\/infozamoraec.com\/index.php\/wp-json\/wp\/v2\/tags?post=21354"}],"curies":[{"name":"wp","href":"https:\/\/api.w.org\/{rel}","templated":true}]}}