{"id":21351,"date":"2026-04-28T02:20:41","date_gmt":"2026-04-28T02:20:41","guid":{"rendered":"https:\/\/infozamoraec.com\/?p=21351"},"modified":"2026-04-28T02:20:41","modified_gmt":"2026-04-28T02:20:41","slug":"niels-olsen-impulsa-alianza-parlamentaria-regional-para-fortalecer-cooperacion-legislativa","status":"publish","type":"post","link":"https:\/\/infozamoraec.com\/index.php\/2026\/04\/28\/niels-olsen-impulsa-alianza-parlamentaria-regional-para-fortalecer-cooperacion-legislativa\/","title":{"rendered":"Niels Olsen impulsa alianza parlamentaria regional para fortalecer cooperaci\u00f3n legislativa"},"content":{"rendered":"<p>El presidente de la Asamblea Nacional, Niels Olsen, promueve la creaci\u00f3n de una alianza parlamentaria latinoamericana orientada a fortalecer la cooperaci\u00f3n entre legislativos y construir una agenda com\u00fan frente a desaf\u00edos compartidos en la regi\u00f3n.<\/p>\n<p>La iniciativa busca establecer un canal directo y permanente entre parlamentos para intercambiar experiencias en \u00e1reas como seguridad, atracci\u00f3n de inversiones, modernizaci\u00f3n del Estado, eficiencia legislativa y transformaci\u00f3n digital.<\/p>\n<p>La propuesta surge tras una agenda de trabajo desarrollada en Chile, Uruguay y Argentina, pa\u00edses que forman parte de esta primera etapa. Durante estas visitas, Olsen mantuvo reuniones con autoridades parlamentarias y representantes institucionales para identificar pr\u00e1cticas que puedan ser replicadas en otros pa\u00edses.<\/p>\n<p>Publicidad<\/p>\n<p>El objetivo es avanzar hacia la conformaci\u00f3n de una Red Parlamentaria de Latinoam\u00e9rica, concebida como un espacio de di\u00e1logo directo entre poderes legislativos para coordinar respuestas frente a problem\u00e1ticas que trascienden fronteras.<\/p>\n<p>\u201cLos parlamentos tienen que hablar entre s\u00ed. No hay integraci\u00f3n real si no pasa tambi\u00e9n por los legislativos\u201d, se\u00f1al\u00f3 Olsen, al destacar la necesidad de abordar de forma conjunta los retos regionales.<\/p>\n<p>Acuerdos y avances por pa\u00eds<br \/>\nEn Chile, el titular de la Asamblea se reuni\u00f3 con Paulina N\u00fa\u00f1ez, presidenta del Senado, y Jorge Alessandri, presidente de la C\u00e1mara de Diputadas y Diputados. En ese marco se suscribi\u00f3 un Memorando de Entendimiento enfocado en modernizaci\u00f3n digital, transparencia y transferencia de herramientas tecnol\u00f3gicas, incluyendo sistemas de inteligencia artificial para la gesti\u00f3n parlamentaria.<\/p>\n<p>Como parte de estos avances, Ecuador prev\u00e9 implementar la plataforma de inteligencia artificial ANIA, cuya inauguraci\u00f3n est\u00e1 prevista para el pr\u00f3ximo mes.<\/p>\n<p>En Uruguay, Olsen sostuvo un encuentro con Rodrigo Go\u00f1i, presidente de la C\u00e1mara de Representantes, con quien abord\u00f3 temas relacionados con regulaci\u00f3n de inteligencia artificial, gobernanza tecnol\u00f3gica y prospectiva legislativa hacia 2030 y 2050.<\/p>\n<p>Publicidad<\/p>\n<p>Mientras que en Argentina, se reuni\u00f3 con Mart\u00edn Menem, presidente de la C\u00e1mara de Diputados, para intercambiar experiencias sobre digitalizaci\u00f3n parlamentaria y marcos normativos para atraer inversiones. Adem\u00e1s, mantuvo un encuentro con Patricia Bullrich, en el que se trataron estrategias de cooperaci\u00f3n en seguridad y lucha contra el crimen transnacional.<\/p>\n<p>Pr\u00f3ximo encuentro en Ecuador<br \/>\nComo parte de esta iniciativa, se prev\u00e9 que el primer encuentro formal de esta alianza parlamentaria se realice en Ecuador durante este a\u00f1o. La cita buscar\u00e1 reunir a los pa\u00edses participantes y ampliar la convocatoria a otros parlamentos de la regi\u00f3n.<\/p>\n<p>En ese espacio se definir\u00e1n l\u00edneas de trabajo conjuntas, prioridades de cooperaci\u00f3n y mecanismos de intercambio legislativo sostenibles en el tiempo.<\/p>\n<p>Con esta propuesta, la Asamblea Nacional apunta a consolidar su rol en espacios de integraci\u00f3n regional y aportar a la construcci\u00f3n de respuestas legislativas coordinadas frente a desaf\u00edos comunes en Latinoam\u00e9rica.<\/p>\n","protected":false},"excerpt":{"rendered":"<p>El presidente de la Asamblea Nacional, Niels Olsen, promueve la creaci\u00f3n de una alianza parlamentaria latinoamericana orientada a fortalecer la cooperaci\u00f3n entre legislativos y construir una agenda com\u00fan frente a desaf\u00edos compartidos en la regi\u00f3n. La iniciativa busca establecer un canal directo y permanente entre parlamentos para intercambiar experiencias en \u00e1reas como seguridad, atracci\u00f3n de [&hellip;]<\/p>\n","protected":false},"author":1,"featured_media":21352,"comment_status":"open","ping_status":"open","sticky":false,"template":"","format":"standard","meta":{"footnotes":""},"categories":[12],"tags":[],"_links":{"self":[{"href":"https:\/\/infozamoraec.com\/index.php\/wp-json\/wp\/v2\/posts\/21351"}],"collection":[{"href":"https:\/\/infozamoraec.com\/index.php\/wp-json\/wp\/v2\/posts"}],"about":[{"href":"https:\/\/infozamoraec.com\/index.php\/wp-json\/wp\/v2\/types\/post"}],"author":[{"embeddable":true,"href":"https:\/\/infozamoraec.com\/index.php\/wp-json\/wp\/v2\/users\/1"}],"replies":[{"embeddable":true,"href":"https:\/\/infozamoraec.com\/index.php\/wp-json\/wp\/v2\/comments?post=21351"}],"version-history":[{"count":1,"href":"https:\/\/infozamoraec.com\/index.php\/wp-json\/wp\/v2\/posts\/21351\/revisions"}],"predecessor-version":[{"id":21353,"href":"https:\/\/infozamoraec.com\/index.php\/wp-json\/wp\/v2\/posts\/21351\/revisions\/21353"}],"wp:featuredmedia":[{"embeddable":true,"href":"https:\/\/infozamoraec.com\/index.php\/wp-json\/wp\/v2\/media\/21352"}],"wp:attachment":[{"href":"https:\/\/infozamoraec.com\/index.php\/wp-json\/wp\/v2\/media?parent=21351"}],"wp:term":[{"taxonomy":"category","embeddable":true,"href":"https:\/\/infozamoraec.com\/index.php\/wp-json\/wp\/v2\/categories?post=21351"},{"taxonomy":"post_tag","embeddable":true,"href":"https:\/\/infozamoraec.com\/index.php\/wp-json\/wp\/v2\/tags?post=21351"}],"curies":[{"name":"wp","href":"https:\/\/api.w.org\/{rel}","templated":true}]}}