{"id":21348,"date":"2026-04-28T02:18:14","date_gmt":"2026-04-28T02:18:14","guid":{"rendered":"https:\/\/infozamoraec.com\/?p=21348"},"modified":"2026-04-28T02:18:14","modified_gmt":"2026-04-28T02:18:14","slug":"unidad-popular-plantea-acciones-legales-dentro-y-fuera-del-pais-tras-decision-del-cne","status":"publish","type":"post","link":"https:\/\/infozamoraec.com\/index.php\/2026\/04\/28\/unidad-popular-plantea-acciones-legales-dentro-y-fuera-del-pais-tras-decision-del-cne\/","title":{"rendered":"Unidad Popular plantea acciones legales dentro y fuera del pa\u00eds tras decisi\u00f3n del CNE"},"content":{"rendered":"<p>Tras la decisi\u00f3n del Consejo Nacional Electoral (CNE), el Partido Unidad Popular (UP), eliminado del registro de partidos en Ecuador por el ente electoral, asegur\u00f3 este 27 de abril dque participar\u00e1 con candidatos propios en las elecciones seccionales de alcaldes, prefectos, concejales y juntas parroquiales del pr\u00f3ximo 29 de noviembre.<\/p>\n<p>Los dirigentes de la UP reaccionaron este lunes a la decisi\u00f3n del Consejo Nacional Electoral (CNE) de empezar el proceso de liquidaci\u00f3n de esa organizaci\u00f3n pol\u00edtica, y la consecuente eliminaci\u00f3n de Registro de Partidos nacional.<\/p>\n<p>Geovanni Atarihuana, director de Unidad Popular, anunci\u00f3 que una vez que sean notificados con la resoluci\u00f3n adoptada el domingo 26 de abril, tomar\u00e1n tres v\u00edas o caminos:<\/p>\n<p>Acudir al Tribunal Contencioso Electoral (TCE).<br \/>\nA nivel nacional, el caso tambi\u00e9n ser\u00e1 expuesto ante la Corte Constitucional (CC), porque consideran que la eliminaci\u00f3n viola derechos constitucionales de participaci\u00f3n.<br \/>\nAnalizan llevar el caso ante de el Sistema Interamericano de Derechos Humanos que, seg\u00fan Atarihuana, ya se habr\u00eda pronunciado en otros casos de proscripci\u00f3n pol\u00edtica.<\/p>\n<p>\u00abLa resoluci\u00f3n se adopta fuera de tiempo. El C\u00f3digo de la Democracia dice que la cancelaci\u00f3n podr\u00e1 ser resuelta hasta 120 d\u00edas antes de la convocatoria a elecciones. Est\u00e1n fuera de plazo, porque si la convocatoria est\u00e1 fijada para el 1 de agosto, el plazo feneci\u00f3 el 3 de abril\u00bb, expres\u00f3 Atarihuana.<\/p>\n<p>Aunque Unidad Popular insiste que participar\u00e1 con su n\u00famero y colores en las elecciones seccionales del 29 de noviembre, tambi\u00e9n adelantan conversaciones con partidos como Pachakutik por si la situaci\u00f3n no se soluciona hasta los comicios.<\/p>\n<p>De su lado, el movimiento Construye, tambi\u00e9n proscrito del padr\u00f3n electoral, indic\u00f3 que espera la resoluci\u00f3n por escrito del CNE para tomar medidas. (I)<\/p>\n","protected":false},"excerpt":{"rendered":"<p>Tras la decisi\u00f3n del Consejo Nacional Electoral (CNE), el Partido Unidad Popular (UP), eliminado del registro de partidos en Ecuador por el ente electoral, asegur\u00f3 este 27 de abril dque participar\u00e1 con candidatos propios en las elecciones seccionales de alcaldes, prefectos, concejales y juntas parroquiales del pr\u00f3ximo 29 de noviembre. Los dirigentes de la UP [&hellip;]<\/p>\n","protected":false},"author":1,"featured_media":21349,"comment_status":"open","ping_status":"open","sticky":false,"template":"","format":"standard","meta":{"footnotes":""},"categories":[12],"tags":[],"_links":{"self":[{"href":"https:\/\/infozamoraec.com\/index.php\/wp-json\/wp\/v2\/posts\/21348"}],"collection":[{"href":"https:\/\/infozamoraec.com\/index.php\/wp-json\/wp\/v2\/posts"}],"about":[{"href":"https:\/\/infozamoraec.com\/index.php\/wp-json\/wp\/v2\/types\/post"}],"author":[{"embeddable":true,"href":"https:\/\/infozamoraec.com\/index.php\/wp-json\/wp\/v2\/users\/1"}],"replies":[{"embeddable":true,"href":"https:\/\/infozamoraec.com\/index.php\/wp-json\/wp\/v2\/comments?post=21348"}],"version-history":[{"count":1,"href":"https:\/\/infozamoraec.com\/index.php\/wp-json\/wp\/v2\/posts\/21348\/revisions"}],"predecessor-version":[{"id":21350,"href":"https:\/\/infozamoraec.com\/index.php\/wp-json\/wp\/v2\/posts\/21348\/revisions\/21350"}],"wp:featuredmedia":[{"embeddable":true,"href":"https:\/\/infozamoraec.com\/index.php\/wp-json\/wp\/v2\/media\/21349"}],"wp:attachment":[{"href":"https:\/\/infozamoraec.com\/index.php\/wp-json\/wp\/v2\/media?parent=21348"}],"wp:term":[{"taxonomy":"category","embeddable":true,"href":"https:\/\/infozamoraec.com\/index.php\/wp-json\/wp\/v2\/categories?post=21348"},{"taxonomy":"post_tag","embeddable":true,"href":"https:\/\/infozamoraec.com\/index.php\/wp-json\/wp\/v2\/tags?post=21348"}],"curies":[{"name":"wp","href":"https:\/\/api.w.org\/{rel}","templated":true}]}}