{"id":21345,"date":"2026-04-28T02:16:21","date_gmt":"2026-04-28T02:16:21","guid":{"rendered":"https:\/\/infozamoraec.com\/?p=21345"},"modified":"2026-04-28T02:16:21","modified_gmt":"2026-04-28T02:16:21","slug":"ecuador-y-alemania-firman-acuerdo-para-promover-migracion-laboral","status":"publish","type":"post","link":"https:\/\/infozamoraec.com\/index.php\/2026\/04\/28\/ecuador-y-alemania-firman-acuerdo-para-promover-migracion-laboral\/","title":{"rendered":"Ecuador y Alemania firman acuerdo para promover migraci\u00f3n laboral"},"content":{"rendered":"<p>El Gobierno de Ecuador suscribi\u00f3 un memorando de entendimiento con Alemania para facilitar el acceso de ciudadanos ecuatorianos a empleo especializado en el pa\u00eds europeo, seg\u00fan inform\u00f3 este lunes el Ministerio de Relaciones Exteriores y Movilidad Humana<\/p>\n<p>El acuerdo, que establece un marco legal para una migraci\u00f3n laboral \u00absegura, regular y ordenada\u00bb, fue suscrito entre la Canciller\u00eda y el Ministerio de Trabajo de Ecuador y la Agencia Federal de Empleo de Alemania (BA).<\/p>\n<p>Durante el acto, la canciller Gabriela Sommerfeld se\u00f1al\u00f3 que la firma supone \u00abun hito\u00bb en la proyecci\u00f3n internacional de Ecuador y en la consolidaci\u00f3n de una pol\u00edtica migratoria \u00abmoderna, responsable y orientada al desarrollo\u00bb.<\/p>\n<p>En esa l\u00ednea, Sommerfeld afirm\u00f3 que el instrumento refleja una \u00abdeterminaci\u00f3n pol\u00edtica clara\u00bb de fomentar la migraci\u00f3n regular como prioridad nacional, basada en la legalidad, el respeto a los derechos y la generaci\u00f3n de oportunidades dignas.<\/p>\n<p>Por su parte, el director general de Asuntos Internacionales de la Agencia Federal de Empleo alemana, Steffen Sottung, indic\u00f3 que el memorando evidencia un compromiso compartido para generar oportunidades tanto para trabajadores ecuatorianos como para empresas e instituciones en Alemania.<\/p>\n<p>Entre los principales ejes de la cooperaci\u00f3n figuran la vinculaci\u00f3n de talento entre la oferta ecuatoriana y la demanda del mercado alem\u00e1n en sectores estrat\u00e9gicos, la formaci\u00f3n t\u00e9cnica, ling\u00fc\u00edstica y cultural, para facilitar la integraci\u00f3n laboral, el intercambio de informaci\u00f3n sobre mercados de trabajo y la armonizaci\u00f3n de pol\u00edticas de empleo.<\/p>\n<p>El acuerdo tambi\u00e9n contempla el reconocimiento de cualificaciones profesionales y la garant\u00eda de condiciones laborales justas y competitivas para los trabajadores ecuatorianos. EFE<\/p>\n","protected":false},"excerpt":{"rendered":"<p>El Gobierno de Ecuador suscribi\u00f3 un memorando de entendimiento con Alemania para facilitar el acceso de ciudadanos ecuatorianos a empleo especializado en el pa\u00eds europeo, seg\u00fan inform\u00f3 este lunes el Ministerio de Relaciones Exteriores y Movilidad Humana El acuerdo, que establece un marco legal para una migraci\u00f3n laboral \u00absegura, regular y ordenada\u00bb, fue suscrito entre [&hellip;]<\/p>\n","protected":false},"author":1,"featured_media":21346,"comment_status":"open","ping_status":"open","sticky":false,"template":"","format":"standard","meta":{"footnotes":""},"categories":[12],"tags":[],"_links":{"self":[{"href":"https:\/\/infozamoraec.com\/index.php\/wp-json\/wp\/v2\/posts\/21345"}],"collection":[{"href":"https:\/\/infozamoraec.com\/index.php\/wp-json\/wp\/v2\/posts"}],"about":[{"href":"https:\/\/infozamoraec.com\/index.php\/wp-json\/wp\/v2\/types\/post"}],"author":[{"embeddable":true,"href":"https:\/\/infozamoraec.com\/index.php\/wp-json\/wp\/v2\/users\/1"}],"replies":[{"embeddable":true,"href":"https:\/\/infozamoraec.com\/index.php\/wp-json\/wp\/v2\/comments?post=21345"}],"version-history":[{"count":1,"href":"https:\/\/infozamoraec.com\/index.php\/wp-json\/wp\/v2\/posts\/21345\/revisions"}],"predecessor-version":[{"id":21347,"href":"https:\/\/infozamoraec.com\/index.php\/wp-json\/wp\/v2\/posts\/21345\/revisions\/21347"}],"wp:featuredmedia":[{"embeddable":true,"href":"https:\/\/infozamoraec.com\/index.php\/wp-json\/wp\/v2\/media\/21346"}],"wp:attachment":[{"href":"https:\/\/infozamoraec.com\/index.php\/wp-json\/wp\/v2\/media?parent=21345"}],"wp:term":[{"taxonomy":"category","embeddable":true,"href":"https:\/\/infozamoraec.com\/index.php\/wp-json\/wp\/v2\/categories?post=21345"},{"taxonomy":"post_tag","embeddable":true,"href":"https:\/\/infozamoraec.com\/index.php\/wp-json\/wp\/v2\/tags?post=21345"}],"curies":[{"name":"wp","href":"https:\/\/api.w.org\/{rel}","templated":true}]}}