{"id":21342,"date":"2026-04-28T02:11:41","date_gmt":"2026-04-28T02:11:41","guid":{"rendered":"https:\/\/infozamoraec.com\/?p=21342"},"modified":"2026-04-28T02:11:41","modified_gmt":"2026-04-28T02:11:41","slug":"el-pangui-impulsa-el-emprendimiento-local-con-feria-de-productores-y-servicios","status":"publish","type":"post","link":"https:\/\/infozamoraec.com\/index.php\/2026\/04\/28\/el-pangui-impulsa-el-emprendimiento-local-con-feria-de-productores-y-servicios\/","title":{"rendered":"El Pangui impulsa el emprendimiento local con feria de productores y servicios"},"content":{"rendered":"<p>El cant\u00f3n El Pangui fue escenario de la Primera Exposici\u00f3n y Exhibici\u00f3n de Productos Procesados y Servicios de Emprendedores, desarrollada el domingo 26 de abril en el Parque Central, con una importante participaci\u00f3n de la ciudadan\u00eda y actores locales.<\/p>\n<p>El evento reuni\u00f3 a 25 emprendedores, de los cuales 24 correspondieron a productores de alimentos procesados y uno a servicios, quienes llegaron desde distintos sectores del cant\u00f3n y sus parroquias para exhibir y comercializar sus productos. La jornada inici\u00f3 con el corte de cinta, como acto simb\u00f3lico que marc\u00f3 la apertura oficial de esta iniciativa.<\/p>\n<p>Durante la feria, los asistentes pudieron acceder a una variada oferta que incluy\u00f3 vainilla y sus derivados, miel de abeja, vinos, embutidos, artesan\u00edas, tejidos, pulpas de frutas, frutas deshidratadas, yogurt y chocolates, evidenciando la diversidad productiva y el potencial emprendedor de la localidad.<\/p>\n<p>Joffri Lalvay, integrante del grupo organizador, destac\u00f3 la respuesta positiva de la ciudadan\u00eda y agradeci\u00f3 el respaldo institucional y empresarial, se\u00f1alando que este tipo de espacios contribuyen a dinamizar la econom\u00eda y promover el turismo en el cant\u00f3n.<\/p>\n<p>Por su parte, la vicealcaldesa Mayra Quezada indic\u00f3 que el Gobierno Municipal brind\u00f3 apoyo log\u00edstico y difusi\u00f3n al evento, reiterando el compromiso de la instituci\u00f3n para continuar impulsando iniciativas que fortalezcan la producci\u00f3n local.<\/p>\n<p>Con este tipo de actividades, el GAD Municipal de El Pangui busca generar espacios de promoci\u00f3n para los peque\u00f1os productores, fomentar la innovaci\u00f3n y contribuir al desarrollo econ\u00f3mico del cant\u00f3n.<\/p>\n","protected":false},"excerpt":{"rendered":"<p>El cant\u00f3n El Pangui fue escenario de la Primera Exposici\u00f3n y Exhibici\u00f3n de Productos Procesados y Servicios de Emprendedores, desarrollada el domingo 26 de abril en el Parque Central, con una importante participaci\u00f3n de la ciudadan\u00eda y actores locales. El evento reuni\u00f3 a 25 emprendedores, de los cuales 24 correspondieron a productores de alimentos procesados [&hellip;]<\/p>\n","protected":false},"author":1,"featured_media":21343,"comment_status":"open","ping_status":"open","sticky":false,"template":"","format":"standard","meta":{"footnotes":""},"categories":[9],"tags":[],"_links":{"self":[{"href":"https:\/\/infozamoraec.com\/index.php\/wp-json\/wp\/v2\/posts\/21342"}],"collection":[{"href":"https:\/\/infozamoraec.com\/index.php\/wp-json\/wp\/v2\/posts"}],"about":[{"href":"https:\/\/infozamoraec.com\/index.php\/wp-json\/wp\/v2\/types\/post"}],"author":[{"embeddable":true,"href":"https:\/\/infozamoraec.com\/index.php\/wp-json\/wp\/v2\/users\/1"}],"replies":[{"embeddable":true,"href":"https:\/\/infozamoraec.com\/index.php\/wp-json\/wp\/v2\/comments?post=21342"}],"version-history":[{"count":1,"href":"https:\/\/infozamoraec.com\/index.php\/wp-json\/wp\/v2\/posts\/21342\/revisions"}],"predecessor-version":[{"id":21344,"href":"https:\/\/infozamoraec.com\/index.php\/wp-json\/wp\/v2\/posts\/21342\/revisions\/21344"}],"wp:featuredmedia":[{"embeddable":true,"href":"https:\/\/infozamoraec.com\/index.php\/wp-json\/wp\/v2\/media\/21343"}],"wp:attachment":[{"href":"https:\/\/infozamoraec.com\/index.php\/wp-json\/wp\/v2\/media?parent=21342"}],"wp:term":[{"taxonomy":"category","embeddable":true,"href":"https:\/\/infozamoraec.com\/index.php\/wp-json\/wp\/v2\/categories?post=21342"},{"taxonomy":"post_tag","embeddable":true,"href":"https:\/\/infozamoraec.com\/index.php\/wp-json\/wp\/v2\/tags?post=21342"}],"curies":[{"name":"wp","href":"https:\/\/api.w.org\/{rel}","templated":true}]}}