{"id":21339,"date":"2026-04-28T02:08:23","date_gmt":"2026-04-28T02:08:23","guid":{"rendered":"https:\/\/infozamoraec.com\/?p=21339"},"modified":"2026-04-28T02:08:41","modified_gmt":"2026-04-28T02:08:41","slug":"luis-balladarez-oficializa-su-candidatura-a-la-alcaldia-de-zamora-y-plantea-prioridades-para-el-canton","status":"publish","type":"post","link":"https:\/\/infozamoraec.com\/index.php\/2026\/04\/28\/luis-balladarez-oficializa-su-candidatura-a-la-alcaldia-de-zamora-y-plantea-prioridades-para-el-canton\/","title":{"rendered":"Luis Ballad\u00e1rez oficializa su candidatura a la Alcald\u00eda de Zamora y plantea prioridades para el cant\u00f3n"},"content":{"rendered":"<p data-start=\"108\" data-end=\"315\">Este domingo 26 de abril de 2026,\u00a0 durante la asamblea provincial de la alianza Fuerza Zamora Chinchipe, desarrollada en el cant\u00f3n Yantzaza, se oficializ\u00f3 la precandidatura de Luis Ballad\u00e1rez a la Alcald\u00eda de Zamora.<\/p>\n<p data-start=\"317\" data-end=\"504\">El event0 que sirvi\u00f3 como escenario para ratificar el respaldo pol\u00edtico a la actual prefecta de Zamora Chinchipe, Karla Re\u00e1tegui, quien buscar\u00e1 la reelecci\u00f3n en los pr\u00f3ximos comicios, tambi\u00e9n sirvi\u00f3 para conocer los nombres de los precandidatos a alcaldes de los nueve cantones de la provincia amaz\u00f3nica.<\/p>\n<p data-start=\"506\" data-end=\"792\">Ballad\u00e1rez, quien es\u00a0 abogado de profesi\u00f3n y se ha desempe\u00f1ado como servidor p\u00fablico en instituciones como la Prefectura, el Gad Municipal de\u00a0 Zamora y el GAD de Yacuambi, explic\u00f3 que su decisi\u00f3n de participar en la contienda electoral responde a la necesidad de generar cambios en el cant\u00f3n Zamora. \u201cHemos tomado la decisi\u00f3n de unir fuerzas y trabajar por mejores d\u00edas para nuestra ciudad\u201d, manifest\u00f3.<\/p>\n<p data-start=\"794\" data-end=\"1063\">El aspirante se\u00f1al\u00f3 que existen varias \u00e1reas que requieren atenci\u00f3n prioritaria, entre ellas la regeneraci\u00f3n urbana, el fortalecimiento del sistema de agua potable y alcantarillado, as\u00ed como el impulso al turismo, la infraestructura educativa y los espacios deportivos.<\/p>\n<p data-start=\"1065\" data-end=\"1422\">Asimismo, mencion\u00f3 que, aunque la salud no es una competencia directa del municipio, es necesario articular esfuerzos entre las distintas instituciones para gestionar mejoras en este \u00e1mbito. En ese sentido, plante\u00f3 la necesidad de promover mesas de di\u00e1logo interinstitucional para exigir recursos que permitan fortalecer el sistema de salud en la localidad, especialmente sobre el nuevo hospital para Zamora.<\/p>\n<p data-start=\"1424\" data-end=\"1628\">A criterio de Ballad\u00e1rez\u00a0 cada parroquia del cant\u00f3n presenta realidades distintas, por lo que, de llegar a la Alcald\u00eda, su gesti\u00f3n se enfocar\u00eda en atender las necesidades espec\u00edficas de cada sector.<\/p>\n","protected":false},"excerpt":{"rendered":"<p>Este domingo 26 de abril de 2026,\u00a0 durante la asamblea provincial de la alianza Fuerza Zamora Chinchipe, desarrollada en el cant\u00f3n Yantzaza, se oficializ\u00f3 la precandidatura de Luis Ballad\u00e1rez a la Alcald\u00eda de Zamora. El event0 que sirvi\u00f3 como escenario para ratificar el respaldo pol\u00edtico a la actual prefecta de Zamora Chinchipe, Karla Re\u00e1tegui, quien [&hellip;]<\/p>\n","protected":false},"author":1,"featured_media":21340,"comment_status":"open","ping_status":"open","sticky":false,"template":"","format":"standard","meta":{"footnotes":""},"categories":[9],"tags":[],"_links":{"self":[{"href":"https:\/\/infozamoraec.com\/index.php\/wp-json\/wp\/v2\/posts\/21339"}],"collection":[{"href":"https:\/\/infozamoraec.com\/index.php\/wp-json\/wp\/v2\/posts"}],"about":[{"href":"https:\/\/infozamoraec.com\/index.php\/wp-json\/wp\/v2\/types\/post"}],"author":[{"embeddable":true,"href":"https:\/\/infozamoraec.com\/index.php\/wp-json\/wp\/v2\/users\/1"}],"replies":[{"embeddable":true,"href":"https:\/\/infozamoraec.com\/index.php\/wp-json\/wp\/v2\/comments?post=21339"}],"version-history":[{"count":1,"href":"https:\/\/infozamoraec.com\/index.php\/wp-json\/wp\/v2\/posts\/21339\/revisions"}],"predecessor-version":[{"id":21341,"href":"https:\/\/infozamoraec.com\/index.php\/wp-json\/wp\/v2\/posts\/21339\/revisions\/21341"}],"wp:featuredmedia":[{"embeddable":true,"href":"https:\/\/infozamoraec.com\/index.php\/wp-json\/wp\/v2\/media\/21340"}],"wp:attachment":[{"href":"https:\/\/infozamoraec.com\/index.php\/wp-json\/wp\/v2\/media?parent=21339"}],"wp:term":[{"taxonomy":"category","embeddable":true,"href":"https:\/\/infozamoraec.com\/index.php\/wp-json\/wp\/v2\/categories?post=21339"},{"taxonomy":"post_tag","embeddable":true,"href":"https:\/\/infozamoraec.com\/index.php\/wp-json\/wp\/v2\/tags?post=21339"}],"curies":[{"name":"wp","href":"https:\/\/api.w.org\/{rel}","templated":true}]}}