{"id":21336,"date":"2026-04-28T01:30:56","date_gmt":"2026-04-28T01:30:56","guid":{"rendered":"https:\/\/infozamoraec.com\/?p=21336"},"modified":"2026-04-28T02:31:11","modified_gmt":"2026-04-28T02:31:11","slug":"alianza-fuerza-zch-define-candidaturas-y-ratifica-a-karla-reategui-para-la-reeleccion","status":"publish","type":"post","link":"https:\/\/infozamoraec.com\/index.php\/2026\/04\/28\/alianza-fuerza-zch-define-candidaturas-y-ratifica-a-karla-reategui-para-la-reeleccion\/","title":{"rendered":"Alianza Fuerza Zamora Chinchipe define candidaturas y ratifica a Karla Re\u00e1tegui para la reelecci\u00f3n"},"content":{"rendered":"<p data-start=\"91\" data-end=\"456\">En una asamblea provincial realizada en el cant\u00f3n Yantzaza, la Alianza Fuerza Zamora Chinchipe (ZCH) present\u00f3 oficialmente a sus principales cuadros pol\u00edticos con miras a los pr\u00f3ximos comicios seccionales. En el encuentro se ratific\u00f3 a la actual prefecta, Karla Re\u00e1tegui, como candidata a la reelecci\u00f3n, consolidando as\u00ed el respaldo de la organizaci\u00f3n a su gesti\u00f3n.<\/p>\n<p data-start=\"458\" data-end=\"799\">La jornada cont\u00f3 con la participaci\u00f3n de delegaciones provenientes de los nueve cantones de la provincia, evidenciando la movilizaci\u00f3n de bases sociales y dirigentes que respaldan este proyecto pol\u00edtico. Durante el evento, se destac\u00f3 la importancia de la unidad y la articulaci\u00f3n territorial como pilares para enfrentar el proceso electoral.<\/p>\n<p data-start=\"801\" data-end=\"1215\">En este contexto, la alianza dio a conocer a los precandidatos a las distintas alcald\u00edas, configurando un equipo que combina experiencia administrativa con nuevos liderazgos locales. Para el cant\u00f3n Yantzaza se anunci\u00f3 la candidatura a la reelecci\u00f3n de Mar\u00eda Lalangui Cabrera, mientras que en Zamora participar\u00e1 Luis Vallad\u00e1rez. En El Pangui se design\u00f3 a Milton Gonz\u00e1lez y en Centinela del C\u00f3ndor a Nelson Qui\u00f1\u00f3nez.<\/p>\n<p data-start=\"1217\" data-end=\"1488\">Asimismo, en Nangaritza el precandidato ser\u00e1 Darwin Tapia, en Paquisha Edgar Jim\u00e9nez, en Chinchipe Henry Ord\u00f3\u00f1ez y en Palanda Victoria Alberca. En el caso del cant\u00f3n Yacuambi, la organizaci\u00f3n inform\u00f3 que el nombre del candidato a\u00fan est\u00e1 pendiente de ratificaci\u00f3n oficial.<\/p>\n<p data-start=\"1490\" data-end=\"1686\">Durante la asamblea tambi\u00e9n se fortaleci\u00f3 la estructura interna de la alianza y se delinearon estrategias de trabajo en territorio, con el objetivo de consolidar su presencia en toda la provincia.<\/p>\n<p data-start=\"1688\" data-end=\"1933\" data-is-last-node=\"\" data-is-only-node=\"\">Con este anuncio, la Alianza Fuerza ZCH se posiciona como una de las primeras organizaciones pol\u00edticas en Zamora Chinchipe en definir de manera integral su propuesta electoral, marcando el inicio de la contienda hacia las elecciones seccionales.<\/p>\n<p data-start=\"1630\" data-end=\"1765\" data-is-last-node=\"\" data-is-only-node=\"\">\n","protected":false},"excerpt":{"rendered":"<p>En una asamblea provincial realizada en el cant\u00f3n Yantzaza, la Alianza Fuerza Zamora Chinchipe (ZCH) present\u00f3 oficialmente a sus principales cuadros pol\u00edticos con miras a los pr\u00f3ximos comicios seccionales. En el encuentro se ratific\u00f3 a la actual prefecta, Karla Re\u00e1tegui, como candidata a la reelecci\u00f3n, consolidando as\u00ed el respaldo de la organizaci\u00f3n a su gesti\u00f3n. [&hellip;]<\/p>\n","protected":false},"author":1,"featured_media":21337,"comment_status":"open","ping_status":"open","sticky":false,"template":"","format":"standard","meta":{"footnotes":""},"categories":[9],"tags":[],"_links":{"self":[{"href":"https:\/\/infozamoraec.com\/index.php\/wp-json\/wp\/v2\/posts\/21336"}],"collection":[{"href":"https:\/\/infozamoraec.com\/index.php\/wp-json\/wp\/v2\/posts"}],"about":[{"href":"https:\/\/infozamoraec.com\/index.php\/wp-json\/wp\/v2\/types\/post"}],"author":[{"embeddable":true,"href":"https:\/\/infozamoraec.com\/index.php\/wp-json\/wp\/v2\/users\/1"}],"replies":[{"embeddable":true,"href":"https:\/\/infozamoraec.com\/index.php\/wp-json\/wp\/v2\/comments?post=21336"}],"version-history":[{"count":2,"href":"https:\/\/infozamoraec.com\/index.php\/wp-json\/wp\/v2\/posts\/21336\/revisions"}],"predecessor-version":[{"id":21366,"href":"https:\/\/infozamoraec.com\/index.php\/wp-json\/wp\/v2\/posts\/21336\/revisions\/21366"}],"wp:featuredmedia":[{"embeddable":true,"href":"https:\/\/infozamoraec.com\/index.php\/wp-json\/wp\/v2\/media\/21337"}],"wp:attachment":[{"href":"https:\/\/infozamoraec.com\/index.php\/wp-json\/wp\/v2\/media?parent=21336"}],"wp:term":[{"taxonomy":"category","embeddable":true,"href":"https:\/\/infozamoraec.com\/index.php\/wp-json\/wp\/v2\/categories?post=21336"},{"taxonomy":"post_tag","embeddable":true,"href":"https:\/\/infozamoraec.com\/index.php\/wp-json\/wp\/v2\/tags?post=21336"}],"curies":[{"name":"wp","href":"https:\/\/api.w.org\/{rel}","templated":true}]}}