{"id":21312,"date":"2026-04-25T01:30:13","date_gmt":"2026-04-25T01:30:13","guid":{"rendered":"https:\/\/infozamoraec.com\/?p=21312"},"modified":"2026-04-25T01:30:35","modified_gmt":"2026-04-25T01:30:35","slug":"nuevo-comandante-de-policia-en-zamora-chinchipe-realiza-visita-a-la-gobernacion","status":"publish","type":"post","link":"https:\/\/infozamoraec.com\/index.php\/2026\/04\/25\/nuevo-comandante-de-policia-en-zamora-chinchipe-realiza-visita-a-la-gobernacion\/","title":{"rendered":"Nuevo comandante de Polic\u00eda en Zamora Chinchipe realiza visita a la Gobernaci\u00f3n"},"content":{"rendered":"<p>El coronel de Estado Mayor Gabriel Pa\u00fal Villavicencio Salazar, recientemente designado como comandante de la Subzona de Polic\u00eda Zamora Chinchipe N.\u00b0 19, cumpli\u00f3 una visita protocolaria a la Gobernaci\u00f3n de la provincia, como parte de sus primeras actividades oficiales en funciones.<\/p>\n<p>Durante el encuentro, desarrollado junto a la gobernadora Ivonne Margaret Panchi Rodr\u00edguez, se abordaron temas relacionados con la seguridad ciudadana y la coordinaci\u00f3n interinstitucional para fortalecer las acciones en territorio.<\/p>\n<p>Desde la Gobernaci\u00f3n se inform\u00f3 que, en este espacio, se oficializ\u00f3 la designaci\u00f3n del nuevo comandante, quien estar\u00e1 al frente de las operaciones policiales en la provincia.<\/p>\n<p>Asimismo, ambas autoridades coincidieron en la necesidad de reforzar el trabajo articulado entre instituciones, definiendo estrategias orientadas a consolidar la presencia policial y garantizar una respuesta oportuna ante las demandas de la ciudadan\u00eda.<\/p>\n","protected":false},"excerpt":{"rendered":"<p>El coronel de Estado Mayor Gabriel Pa\u00fal Villavicencio Salazar, recientemente designado como comandante de la Subzona de Polic\u00eda Zamora Chinchipe N.\u00b0 19, cumpli\u00f3 una visita protocolaria a la Gobernaci\u00f3n de la provincia, como parte de sus primeras actividades oficiales en funciones. Durante el encuentro, desarrollado junto a la gobernadora Ivonne Margaret Panchi Rodr\u00edguez, se abordaron [&hellip;]<\/p>\n","protected":false},"author":1,"featured_media":21313,"comment_status":"open","ping_status":"open","sticky":false,"template":"","format":"standard","meta":{"footnotes":""},"categories":[9],"tags":[],"_links":{"self":[{"href":"https:\/\/infozamoraec.com\/index.php\/wp-json\/wp\/v2\/posts\/21312"}],"collection":[{"href":"https:\/\/infozamoraec.com\/index.php\/wp-json\/wp\/v2\/posts"}],"about":[{"href":"https:\/\/infozamoraec.com\/index.php\/wp-json\/wp\/v2\/types\/post"}],"author":[{"embeddable":true,"href":"https:\/\/infozamoraec.com\/index.php\/wp-json\/wp\/v2\/users\/1"}],"replies":[{"embeddable":true,"href":"https:\/\/infozamoraec.com\/index.php\/wp-json\/wp\/v2\/comments?post=21312"}],"version-history":[{"count":1,"href":"https:\/\/infozamoraec.com\/index.php\/wp-json\/wp\/v2\/posts\/21312\/revisions"}],"predecessor-version":[{"id":21314,"href":"https:\/\/infozamoraec.com\/index.php\/wp-json\/wp\/v2\/posts\/21312\/revisions\/21314"}],"wp:featuredmedia":[{"embeddable":true,"href":"https:\/\/infozamoraec.com\/index.php\/wp-json\/wp\/v2\/media\/21313"}],"wp:attachment":[{"href":"https:\/\/infozamoraec.com\/index.php\/wp-json\/wp\/v2\/media?parent=21312"}],"wp:term":[{"taxonomy":"category","embeddable":true,"href":"https:\/\/infozamoraec.com\/index.php\/wp-json\/wp\/v2\/categories?post=21312"},{"taxonomy":"post_tag","embeddable":true,"href":"https:\/\/infozamoraec.com\/index.php\/wp-json\/wp\/v2\/tags?post=21312"}],"curies":[{"name":"wp","href":"https:\/\/api.w.org\/{rel}","templated":true}]}}