{"id":20582,"date":"2026-03-28T01:12:37","date_gmt":"2026-03-28T01:12:37","guid":{"rendered":"https:\/\/infozamoraec.com\/?p=20582"},"modified":"2026-03-28T01:12:37","modified_gmt":"2026-03-28T01:12:37","slug":"zamora-chinchipe-sera-sede-de-las-iv-jornadas-amazonicas-de-actualizacion-juridica","status":"publish","type":"post","link":"https:\/\/infozamoraec.com\/index.php\/2026\/03\/28\/zamora-chinchipe-sera-sede-de-las-iv-jornadas-amazonicas-de-actualizacion-juridica\/","title":{"rendered":"Zamora Chinchipe ser\u00e1 sede de las IV Jornadas Amaz\u00f3nicas de Actualizaci\u00f3n Jur\u00eddica"},"content":{"rendered":"<p data-start=\"88\" data-end=\"349\">El Colegio de Abogados de Zamora Chinchipe anunci\u00f3 la realizaci\u00f3n de las IV Jornadas Amaz\u00f3nicas de Actualizaci\u00f3n Jur\u00eddica, que se desarrollar\u00e1n del lunes 13 al mi\u00e9rcoles 15 de abril, con la participaci\u00f3n de destacados profesionales del derecho a nivel nacional.<\/p>\n<p data-start=\"351\" data-end=\"584\">Este evento acad\u00e9mico reunir\u00e1 a expositores provenientes de Quito y de la provincia de Napo, quienes abordar\u00e1n diversas tem\u00e1ticas jur\u00eddicas dirigidas a fortalecer la formaci\u00f3n de abogados, estudiantes de derecho y p\u00fablico interesado.<\/p>\n<p data-start=\"586\" data-end=\"907\">La presidenta del Colegio de Abogados, Janneth Guam\u00e1n, destac\u00f3 que estas jornadas buscan consolidarse como un espacio de alto nivel acad\u00e9mico. \u201cEs un evento que hemos institucionalizado y que hemos tratado de posicionar en un nivel muy alto, con grandes invitados y catedr\u00e1ticos a nivel nacional e internacional\u201d, se\u00f1al\u00f3.<\/p>\n<p data-start=\"909\" data-end=\"1206\">Entre los participantes confirmados constan autoridades del sistema judicial, como Joel Escudero, presidente de la Corte Constitucional; Marco Javier Rodr\u00edguez, presidente de la Corte Nacional de Justicia; y Mercedes Joana Caicedo Aldaz, presidenta de la Sala Penal y Militar de la Corte Nacional.<\/p>\n<p data-start=\"1208\" data-end=\"1461\">Asimismo, se contar\u00e1 con la presencia del abogado penalista Felipe Rodr\u00edguez Moreno; la jueza Tal\u00eda Maldonado Castro, de la Unidad Judicial Civil de Loja; y la magistrada Tania Patricia Maz\u00f3n Fiallos, jueza de la Corte Provincial de Justicia de Pastaza.<\/p>\n<p data-start=\"1463\" data-end=\"1611\" data-is-last-node=\"\" data-is-only-node=\"\">Las jornadas se consolidan\u00a0 como un espacio de intercambio de conocimientos y actualizaci\u00f3n profesional para el sector jur\u00eddico en la regi\u00f3n amaz\u00f3nica.<\/p>\n","protected":false},"excerpt":{"rendered":"<p>El Colegio de Abogados de Zamora Chinchipe anunci\u00f3 la realizaci\u00f3n de las IV Jornadas Amaz\u00f3nicas de Actualizaci\u00f3n Jur\u00eddica, que se desarrollar\u00e1n del lunes 13 al mi\u00e9rcoles 15 de abril, con la participaci\u00f3n de destacados profesionales del derecho a nivel nacional. Este evento acad\u00e9mico reunir\u00e1 a expositores provenientes de Quito y de la provincia de Napo, [&hellip;]<\/p>\n","protected":false},"author":1,"featured_media":20583,"comment_status":"open","ping_status":"open","sticky":false,"template":"","format":"standard","meta":{"footnotes":""},"categories":[9],"tags":[],"_links":{"self":[{"href":"https:\/\/infozamoraec.com\/index.php\/wp-json\/wp\/v2\/posts\/20582"}],"collection":[{"href":"https:\/\/infozamoraec.com\/index.php\/wp-json\/wp\/v2\/posts"}],"about":[{"href":"https:\/\/infozamoraec.com\/index.php\/wp-json\/wp\/v2\/types\/post"}],"author":[{"embeddable":true,"href":"https:\/\/infozamoraec.com\/index.php\/wp-json\/wp\/v2\/users\/1"}],"replies":[{"embeddable":true,"href":"https:\/\/infozamoraec.com\/index.php\/wp-json\/wp\/v2\/comments?post=20582"}],"version-history":[{"count":1,"href":"https:\/\/infozamoraec.com\/index.php\/wp-json\/wp\/v2\/posts\/20582\/revisions"}],"predecessor-version":[{"id":20584,"href":"https:\/\/infozamoraec.com\/index.php\/wp-json\/wp\/v2\/posts\/20582\/revisions\/20584"}],"wp:featuredmedia":[{"embeddable":true,"href":"https:\/\/infozamoraec.com\/index.php\/wp-json\/wp\/v2\/media\/20583"}],"wp:attachment":[{"href":"https:\/\/infozamoraec.com\/index.php\/wp-json\/wp\/v2\/media?parent=20582"}],"wp:term":[{"taxonomy":"category","embeddable":true,"href":"https:\/\/infozamoraec.com\/index.php\/wp-json\/wp\/v2\/categories?post=20582"},{"taxonomy":"post_tag","embeddable":true,"href":"https:\/\/infozamoraec.com\/index.php\/wp-json\/wp\/v2\/tags?post=20582"}],"curies":[{"name":"wp","href":"https:\/\/api.w.org\/{rel}","templated":true}]}}