{"id":20296,"date":"2026-03-18T01:43:15","date_gmt":"2026-03-18T01:43:15","guid":{"rendered":"https:\/\/infozamoraec.com\/?p=20296"},"modified":"2026-03-18T01:43:15","modified_gmt":"2026-03-18T01:43:15","slug":"petro-ataques-de-ecuador-dejan-27-cuerpos-calcinados","status":"publish","type":"post","link":"https:\/\/infozamoraec.com\/index.php\/2026\/03\/18\/petro-ataques-de-ecuador-dejan-27-cuerpos-calcinados\/","title":{"rendered":"Petro: ataques de Ecuador dejan 27 \u00abcuerpos calcinados"},"content":{"rendered":"<p>El presidente de Colombia, Gustavo Petro, asegur\u00f3 este martes (17.03.2026) que los bombardeos de Ecuador en la frontera con Colombia dejan \u00ab27 cuerpos calcinados\u00bb y afirm\u00f3 que la explicaci\u00f3n sobre los ataques \u00abno es cre\u00edble\u00bb, en aparente referencia a la declaraci\u00f3n que dio esta ma\u00f1ana el presidente de ese pa\u00eds, Daniel Noboa.<\/p>\n<p>\u00abHay 27 cuerpos calcinados y la explicaci\u00f3n no es cre\u00edble. Las bombas est\u00e1n en el piso cerca a familias, muchas de ellas han decidido pac\u00edficamente reemplazar sus cultivos de hoja de coca por cultivos legales\u00bb, escribi\u00f3 Petro en X.<\/p>\n<p>El mandatario tambi\u00e9n indic\u00f3 que los bombardeos en la frontera de Colombia y Ecuador \u00abno parecen ser ni de los grupos armados\u00bb porque no tienen aviones, ni de la fuerza p\u00fablica de Colombia porque \u00e9l \u00abno ha dado esa orden\u00bb.<\/p>\n<p>Las afirmaciones de Petro se producen un d\u00eda despu\u00e9s de que denunciara que Colombia est\u00e1 siendo bombardeada desde Ecuador, tras el hallazgo de una bomba \u00abtirada desde un avi\u00f3n\u00bb en inmediaciones de la frontera com\u00fan.<\/p>\n<p>\u00abHa aparecido una bomba tirada desde un avi\u00f3n (&#8230;) ratificando un poco mi sospecha, pero hay que investigar bien\u00bb, expres\u00f3 Petro el lunes por la noche durante un consejo de ministros, en el que tambi\u00e9n asegur\u00f3 que \u00abvan muchos estallidos\u00bb en esa zona.<\/p>\n<p>Desde Ecuador, el presidente Daniel Noboa rechaz\u00f3 este martes las acusaciones y asegur\u00f3 que las operaciones militares contra el crimen organizado, apoyadas por Estados Unidos, se desarrollan exclusivamente dentro de su territorio.<\/p>\n","protected":false},"excerpt":{"rendered":"<p>El presidente de Colombia, Gustavo Petro, asegur\u00f3 este martes (17.03.2026) que los bombardeos de Ecuador en la frontera con Colombia dejan \u00ab27 cuerpos calcinados\u00bb y afirm\u00f3 que la explicaci\u00f3n sobre los ataques \u00abno es cre\u00edble\u00bb, en aparente referencia a la declaraci\u00f3n que dio esta ma\u00f1ana el presidente de ese pa\u00eds, Daniel Noboa. \u00abHay 27 cuerpos [&hellip;]<\/p>\n","protected":false},"author":1,"featured_media":20297,"comment_status":"open","ping_status":"open","sticky":false,"template":"","format":"standard","meta":{"footnotes":""},"categories":[8],"tags":[],"_links":{"self":[{"href":"https:\/\/infozamoraec.com\/index.php\/wp-json\/wp\/v2\/posts\/20296"}],"collection":[{"href":"https:\/\/infozamoraec.com\/index.php\/wp-json\/wp\/v2\/posts"}],"about":[{"href":"https:\/\/infozamoraec.com\/index.php\/wp-json\/wp\/v2\/types\/post"}],"author":[{"embeddable":true,"href":"https:\/\/infozamoraec.com\/index.php\/wp-json\/wp\/v2\/users\/1"}],"replies":[{"embeddable":true,"href":"https:\/\/infozamoraec.com\/index.php\/wp-json\/wp\/v2\/comments?post=20296"}],"version-history":[{"count":1,"href":"https:\/\/infozamoraec.com\/index.php\/wp-json\/wp\/v2\/posts\/20296\/revisions"}],"predecessor-version":[{"id":20298,"href":"https:\/\/infozamoraec.com\/index.php\/wp-json\/wp\/v2\/posts\/20296\/revisions\/20298"}],"wp:featuredmedia":[{"embeddable":true,"href":"https:\/\/infozamoraec.com\/index.php\/wp-json\/wp\/v2\/media\/20297"}],"wp:attachment":[{"href":"https:\/\/infozamoraec.com\/index.php\/wp-json\/wp\/v2\/media?parent=20296"}],"wp:term":[{"taxonomy":"category","embeddable":true,"href":"https:\/\/infozamoraec.com\/index.php\/wp-json\/wp\/v2\/categories?post=20296"},{"taxonomy":"post_tag","embeddable":true,"href":"https:\/\/infozamoraec.com\/index.php\/wp-json\/wp\/v2\/tags?post=20296"}],"curies":[{"name":"wp","href":"https:\/\/api.w.org\/{rel}","templated":true}]}}