{"id":20290,"date":"2026-03-18T01:39:36","date_gmt":"2026-03-18T01:39:36","guid":{"rendered":"https:\/\/infozamoraec.com\/?p=20290"},"modified":"2026-03-18T01:39:36","modified_gmt":"2026-03-18T01:39:36","slug":"daniel-noboa-presidente-petro-sus-declaraciones-son-falsas-estamos-actuando-en-nuestro-territorio","status":"publish","type":"post","link":"https:\/\/infozamoraec.com\/index.php\/2026\/03\/18\/daniel-noboa-presidente-petro-sus-declaraciones-son-falsas-estamos-actuando-en-nuestro-territorio\/","title":{"rendered":"Daniel Noboa: \u201cPresidente Petro, sus declaraciones son falsas; estamos actuando en nuestro territorio\u201d"},"content":{"rendered":"<p>\u201cPresidente Petro, sus declaraciones son falsas; estamos actuando en nuestro territorio\u201d, respondi\u00f3 el presidente Daniel Noboa tras las declaraciones del mandatario colombiano sobre presuntos bombardeos por parte de Ecuador en la zona fronteriza con Colombia.<\/p>\n<p>De acuerdo a Petro, quien no present\u00f3 pruebas, una bomba fue hallada \u201ctirada desde un avi\u00f3n\u201d cerca de la frontera con Ecuador.<\/p>\n<p>El mandatario ecuatoriano destac\u00f3 que junto a la cooperaci\u00f3n internacional se han bombardeando lugares que serv\u00edan de escondite para los grupos de delincuencia organizada, \u201cen gran parte colombianos\u201d. \u201cSu mismo gobierno permiti\u00f3 infiltrarse en nuestro pa\u00eds por descuido de su frontera\u201d, public\u00f3 Noboa.<\/p>\n<p>\u201cHa aparecido una bomba tirada desde un avi\u00f3n. Se va a investigar bien los modos, muy en la frontera con Ecuador (sic), ratificando un poco mi sospecha, pero hay que investigar bien, que est\u00e1n bombarde\u00e1ndonos desde Ecuador y no son los grupos armados\u201d, expres\u00f3 Gustavo Petro durante un consejo de ministros.<\/p>\n<p>Las declaraciones de ambos mandatarios ocurren en medio de una guerra comercial entre ambos pa\u00edses, desde que el pasado enero el presidente Daniel Noboa impuso una \u201ctasa de seguridad\u201d del 50 % a importaciones colombianas. De acuerdo a Noboa, la decisi\u00f3n se da ante una supuesta falta de acciones del Gobierno colombiano en la lucha contra el narcotr\u00e1fico en la frontera.<\/p>\n<p>&nbsp;<\/p>\n","protected":false},"excerpt":{"rendered":"<p>\u201cPresidente Petro, sus declaraciones son falsas; estamos actuando en nuestro territorio\u201d, respondi\u00f3 el presidente Daniel Noboa tras las declaraciones del mandatario colombiano sobre presuntos bombardeos por parte de Ecuador en la zona fronteriza con Colombia. De acuerdo a Petro, quien no present\u00f3 pruebas, una bomba fue hallada \u201ctirada desde un avi\u00f3n\u201d cerca de la frontera [&hellip;]<\/p>\n","protected":false},"author":1,"featured_media":20291,"comment_status":"open","ping_status":"open","sticky":false,"template":"","format":"standard","meta":{"footnotes":""},"categories":[12],"tags":[],"_links":{"self":[{"href":"https:\/\/infozamoraec.com\/index.php\/wp-json\/wp\/v2\/posts\/20290"}],"collection":[{"href":"https:\/\/infozamoraec.com\/index.php\/wp-json\/wp\/v2\/posts"}],"about":[{"href":"https:\/\/infozamoraec.com\/index.php\/wp-json\/wp\/v2\/types\/post"}],"author":[{"embeddable":true,"href":"https:\/\/infozamoraec.com\/index.php\/wp-json\/wp\/v2\/users\/1"}],"replies":[{"embeddable":true,"href":"https:\/\/infozamoraec.com\/index.php\/wp-json\/wp\/v2\/comments?post=20290"}],"version-history":[{"count":1,"href":"https:\/\/infozamoraec.com\/index.php\/wp-json\/wp\/v2\/posts\/20290\/revisions"}],"predecessor-version":[{"id":20292,"href":"https:\/\/infozamoraec.com\/index.php\/wp-json\/wp\/v2\/posts\/20290\/revisions\/20292"}],"wp:featuredmedia":[{"embeddable":true,"href":"https:\/\/infozamoraec.com\/index.php\/wp-json\/wp\/v2\/media\/20291"}],"wp:attachment":[{"href":"https:\/\/infozamoraec.com\/index.php\/wp-json\/wp\/v2\/media?parent=20290"}],"wp:term":[{"taxonomy":"category","embeddable":true,"href":"https:\/\/infozamoraec.com\/index.php\/wp-json\/wp\/v2\/categories?post=20290"},{"taxonomy":"post_tag","embeddable":true,"href":"https:\/\/infozamoraec.com\/index.php\/wp-json\/wp\/v2\/tags?post=20290"}],"curies":[{"name":"wp","href":"https:\/\/api.w.org\/{rel}","templated":true}]}}