{"id":20287,"date":"2026-03-18T01:37:54","date_gmt":"2026-03-18T01:37:54","guid":{"rendered":"https:\/\/infozamoraec.com\/?p=20287"},"modified":"2026-03-18T01:50:56","modified_gmt":"2026-03-18T01:50:56","slug":"asamblea-aprueba-ley-que-obliga-a-trabajar-a-los-presos","status":"publish","type":"post","link":"https:\/\/infozamoraec.com\/index.php\/2026\/03\/18\/asamblea-aprueba-ley-que-obliga-a-trabajar-a-los-presos\/","title":{"rendered":"Asamblea aprueba ley que obliga a trabajar a los presos"},"content":{"rendered":"<p>Con 86 votos afirmativos, la Asamblea Nacional aprob\u00f3 el proyecto de ley del oficialista ADN para que los presos trabajen. La votaci\u00f3n se hizo en una sesi\u00f3n desde la Universidad Cat\u00f3lica de Cuenca. La reforma aprobada incluye la creaci\u00f3n de un sistema de inteligencia penitenciaria. El texto tambi\u00e9n dispone la reclasificaci\u00f3n de la peligrosidad de las personas privadas de libertad.<\/p>\n<p>La normativa contempla acciones para cubrir el d\u00e9ficit de gu\u00edas penitenciarios. Adem\u00e1s, autoriza el uso leg\u00edtimo de la fuerza por parte de los custodios en el ejercicio de sus funciones dentro de los centros carcelarios.<\/p>\n<p>La asamble\u00edsta<strong>\u00a0In\u00e9s Alarc\u00f3n, de ADN y presidenta de la Comisi\u00f3n de Seguridad de la Asamblea,<\/strong>\u00a0se\u00f1al\u00f3 que Ecuador<strong>\u00a0atraviesa una crisis carcelaria. Seg\u00fan explic\u00f3, las bandas del crimen organizado han puesto en jaque al sistema penitenciario.<\/strong><\/p>\n<p>Alarc\u00f3n afirm\u00f3 que \u00abesa situaci\u00f3n ha generado problemas estructurales como corrupci\u00f3n, desinstitucionalizaci\u00f3n del\u00a0<strong>Servicio Nacional de Atenci\u00f3n Integral a Personas Adultas Privadas de la Libertad y a Adolescentes Infractores (SNAI) y ausencia de rehabilitaci\u00f3n social\u00bb, dijo.<\/strong><\/p>\n<p>La legisladora sostuvo que el pa\u00eds necesita una reforma legal integral para fortalecer la institucionalidad del sistema carcelario. Tambi\u00e9n indic\u00f3 que la presencia de las Fuerzas Armadas en las c\u00e1rceles ha mejorado la situaci\u00f3n, aunque consider\u00f3 necesario que el Estado recupere completamente el control de las prisiones.<\/p>\n","protected":false},"excerpt":{"rendered":"<p>Con 86 votos afirmativos, la Asamblea Nacional aprob\u00f3 el proyecto de ley del oficialista ADN para que los presos trabajen. La votaci\u00f3n se hizo en una sesi\u00f3n desde la Universidad Cat\u00f3lica de Cuenca. La reforma aprobada incluye la creaci\u00f3n de un sistema de inteligencia penitenciaria. El texto tambi\u00e9n dispone la reclasificaci\u00f3n de la peligrosidad de [&hellip;]<\/p>\n","protected":false},"author":1,"featured_media":20288,"comment_status":"open","ping_status":"open","sticky":false,"template":"","format":"standard","meta":{"footnotes":""},"categories":[12],"tags":[],"_links":{"self":[{"href":"https:\/\/infozamoraec.com\/index.php\/wp-json\/wp\/v2\/posts\/20287"}],"collection":[{"href":"https:\/\/infozamoraec.com\/index.php\/wp-json\/wp\/v2\/posts"}],"about":[{"href":"https:\/\/infozamoraec.com\/index.php\/wp-json\/wp\/v2\/types\/post"}],"author":[{"embeddable":true,"href":"https:\/\/infozamoraec.com\/index.php\/wp-json\/wp\/v2\/users\/1"}],"replies":[{"embeddable":true,"href":"https:\/\/infozamoraec.com\/index.php\/wp-json\/wp\/v2\/comments?post=20287"}],"version-history":[{"count":1,"href":"https:\/\/infozamoraec.com\/index.php\/wp-json\/wp\/v2\/posts\/20287\/revisions"}],"predecessor-version":[{"id":20289,"href":"https:\/\/infozamoraec.com\/index.php\/wp-json\/wp\/v2\/posts\/20287\/revisions\/20289"}],"wp:featuredmedia":[{"embeddable":true,"href":"https:\/\/infozamoraec.com\/index.php\/wp-json\/wp\/v2\/media\/20288"}],"wp:attachment":[{"href":"https:\/\/infozamoraec.com\/index.php\/wp-json\/wp\/v2\/media?parent=20287"}],"wp:term":[{"taxonomy":"category","embeddable":true,"href":"https:\/\/infozamoraec.com\/index.php\/wp-json\/wp\/v2\/categories?post=20287"},{"taxonomy":"post_tag","embeddable":true,"href":"https:\/\/infozamoraec.com\/index.php\/wp-json\/wp\/v2\/tags?post=20287"}],"curies":[{"name":"wp","href":"https:\/\/api.w.org\/{rel}","templated":true}]}}