{"id":20284,"date":"2026-03-18T01:34:33","date_gmt":"2026-03-18T01:34:33","guid":{"rendered":"https:\/\/infozamoraec.com\/?p=20284"},"modified":"2026-03-18T01:34:33","modified_gmt":"2026-03-18T01:34:33","slug":"ecuador-y-la-ue-suscriben-acuerdo-en-migracion-y-seguridad-fronteriza","status":"publish","type":"post","link":"https:\/\/infozamoraec.com\/index.php\/2026\/03\/18\/ecuador-y-la-ue-suscriben-acuerdo-en-migracion-y-seguridad-fronteriza\/","title":{"rendered":"Ecuador y la UE suscriben acuerdo en migraci\u00f3n y seguridad fronteriza"},"content":{"rendered":"<p>Ecuador y la Uni\u00f3n Europea firmaron el acuerdo Eurofront. Las autoridades presentes fueron el ministro del Interior, John Reimberg; la canciller Gabriela Sommerfeld y la embajadora de la Uni\u00f3n Europea, Jekaterina Dorodnova.<\/p>\n<p>De este modo el Ministerio del Interior y el organismo europeo firmaron una suscripci\u00f3n de una declaraci\u00f3n de intenci\u00f3n para fortalecer la cooperaci\u00f3n t\u00e9cnica en seguridad migratoria y fronteriza. Este evento se desarroll\u00f3 en un hotel al norte de Quito.<\/p>\n<p>El ministro del Interior de Ecuador, John Reimberg, mencion\u00f3 que la estrategia combina intercambio de informaci\u00f3n, prevenci\u00f3n de delitos y capacitaci\u00f3n del personal. El funcionario subray\u00f3 que la tecnolog\u00eda por s\u00ed sola no basta para enfrentar amenazas cada vez m\u00e1s sofisticadas.<\/p>\n<p>Por su parte, la embajadora de la Uni\u00f3n Europea en Ecuador, Jekaterina Dorodnova, destac\u00f3 la inversi\u00f3n de m\u00e1s de 20 millones de euros (m\u00e1s de USD 23 millones) en Ecuador para fortalecer la seguridad ciudadana, incluyendo prevenci\u00f3n de lavado de activos, combate a la delincuencia organizada y protecci\u00f3n de menores.<\/p>\n<p>La canciller Gabriela Sommerfeld dijo que este nuevo acuerdo genera una regi\u00f3n m\u00e1s segura, integrada y pr\u00f3spera.<\/p>\n<p>\u201cLa violencia, el crimen organizado, la miner\u00eda ilegal, la trata de personas, el tr\u00e1fico il\u00edcito de migrantes, el contrabando y las amenazas emergentes en el \u00e1mbito digital, no reconocen fronteras. De ah\u00ed nuestra preocupaci\u00f3n de que algunas fronteras hayan dejado de ser una demarcaci\u00f3n geogr\u00e1fica para convertirse en el epicentro del narcotr\u00e1fico y de grupos armados organizados\u00bb, remarc\u00f3 Sommerfeld. (I)<\/p>\n","protected":false},"excerpt":{"rendered":"<p>Ecuador y la Uni\u00f3n Europea firmaron el acuerdo Eurofront. Las autoridades presentes fueron el ministro del Interior, John Reimberg; la canciller Gabriela Sommerfeld y la embajadora de la Uni\u00f3n Europea, Jekaterina Dorodnova. De este modo el Ministerio del Interior y el organismo europeo firmaron una suscripci\u00f3n de una declaraci\u00f3n de intenci\u00f3n para fortalecer la cooperaci\u00f3n [&hellip;]<\/p>\n","protected":false},"author":1,"featured_media":20285,"comment_status":"open","ping_status":"open","sticky":false,"template":"","format":"standard","meta":{"footnotes":""},"categories":[12],"tags":[],"_links":{"self":[{"href":"https:\/\/infozamoraec.com\/index.php\/wp-json\/wp\/v2\/posts\/20284"}],"collection":[{"href":"https:\/\/infozamoraec.com\/index.php\/wp-json\/wp\/v2\/posts"}],"about":[{"href":"https:\/\/infozamoraec.com\/index.php\/wp-json\/wp\/v2\/types\/post"}],"author":[{"embeddable":true,"href":"https:\/\/infozamoraec.com\/index.php\/wp-json\/wp\/v2\/users\/1"}],"replies":[{"embeddable":true,"href":"https:\/\/infozamoraec.com\/index.php\/wp-json\/wp\/v2\/comments?post=20284"}],"version-history":[{"count":1,"href":"https:\/\/infozamoraec.com\/index.php\/wp-json\/wp\/v2\/posts\/20284\/revisions"}],"predecessor-version":[{"id":20286,"href":"https:\/\/infozamoraec.com\/index.php\/wp-json\/wp\/v2\/posts\/20284\/revisions\/20286"}],"wp:featuredmedia":[{"embeddable":true,"href":"https:\/\/infozamoraec.com\/index.php\/wp-json\/wp\/v2\/media\/20285"}],"wp:attachment":[{"href":"https:\/\/infozamoraec.com\/index.php\/wp-json\/wp\/v2\/media?parent=20284"}],"wp:term":[{"taxonomy":"category","embeddable":true,"href":"https:\/\/infozamoraec.com\/index.php\/wp-json\/wp\/v2\/categories?post=20284"},{"taxonomy":"post_tag","embeddable":true,"href":"https:\/\/infozamoraec.com\/index.php\/wp-json\/wp\/v2\/tags?post=20284"}],"curies":[{"name":"wp","href":"https:\/\/api.w.org\/{rel}","templated":true}]}}