{"id":20281,"date":"2026-03-18T01:27:29","date_gmt":"2026-03-18T01:27:29","guid":{"rendered":"https:\/\/infozamoraec.com\/?p=20281"},"modified":"2026-03-18T01:27:29","modified_gmt":"2026-03-18T01:27:29","slug":"fuertes-lluvias-provocan-inundaciones-y-danos-en-infraestructura-en-el-pangui","status":"publish","type":"post","link":"https:\/\/infozamoraec.com\/index.php\/2026\/03\/18\/fuertes-lluvias-provocan-inundaciones-y-danos-en-infraestructura-en-el-pangui\/","title":{"rendered":"Fuertes lluvias provocan inundaciones y da\u00f1os en infraestructura en El Pangui"},"content":{"rendered":"<p data-start=\"83\" data-end=\"365\">Las intensas lluvias registradas la ma\u00f1ana de este martes 17 de marzo de 2026 generaron emergencias en varios sectores del cant\u00f3n <span class=\"hover:entity-accent entity-underline inline cursor-pointer align-baseline\"><span class=\"whitespace-normal\">El Pangui<\/span><\/span>, debido al desbordamiento de quebradas que ocasion\u00f3 inundaciones en viviendas y afectaciones a la infraestructura.<\/p>\n<p data-start=\"367\" data-end=\"673\">De acuerdo con el reporte del <span class=\"hover:entity-accent entity-underline inline cursor-pointer align-baseline\"><span class=\"whitespace-normal\">Cuerpo de Bomberos de El Pangui<\/span><\/span>, las principales afectaciones se concentraron en los sectores La Alborada, Jes\u00fas del Gran Poder, La Recta y El Guismi, donde el incremento del caudal h\u00eddrico provoc\u00f3 anegaciones que comprometieron la seguridad y bienes de varias familias.<\/p>\n<p data-start=\"675\" data-end=\"1003\">Ante esta situaci\u00f3n, el personal operativo despleg\u00f3 acciones inmediatas para la evaluaci\u00f3n de da\u00f1os y la atenci\u00f3n directa a los afectados. De manera paralela, se coordin\u00f3 un trabajo conjunto con el <span class=\"hover:entity-accent entity-underline inline cursor-pointer align-baseline\"><span class=\"whitespace-normal\">Gobierno Aut\u00f3nomo Descentralizado Municipal de El Pangui<\/span><\/span>, con el fin de implementar medidas de mitigaci\u00f3n y garantizar la protecci\u00f3n de la poblaci\u00f3n.<\/p>\n<p data-start=\"1005\" data-end=\"1219\">Las autoridades informaron que se mantiene un monitoreo constante en las zonas vulnerables e hicieron un llamado a la ciudadan\u00eda a mantenerse informada a trav\u00e9s de canales oficiales y reportar cualquier emergencia.<\/p>\n<p data-start=\"1221\" data-end=\"1549\">En este contexto, tambi\u00e9n se reportaron da\u00f1os en la infraestructura vial.<\/p>\n<p data-start=\"1221\" data-end=\"1549\">Seg\u00fan Juan Guam\u00e1n, t\u00e9cnico municipal, las lluvias, sumadas al uso inadecuado del sistema de alcantarillado sanitario, provocaron el colapso de la red y el levantamiento de la carpeta asf\u00e1ltica en un tramo de la etapa 2 del proyecto.<\/p>\n<p data-start=\"1551\" data-end=\"1911\">El funcionario explic\u00f3 que el ingreso de aguas lluvias al alcantarillado sanitario \u2014que no est\u00e1 dise\u00f1ado para soportar estos caudales\u2014 gener\u00f3 presi\u00f3n en las tuber\u00edas, ocasionando da\u00f1os en el pavimento. Adem\u00e1s, precis\u00f3 que la obra a\u00fan no ha sido recibida oficialmente, por lo que la responsabilidad de su reparaci\u00f3n corresponde al contratista y al fiscalizador.<\/p>\n<p data-start=\"1913\" data-end=\"2130\">Se inform\u00f3 que el tramo afectado ser\u00e1 reconstruido en su totalidad y no mediante reparaciones provisionales, mientras el municipio se mantendr\u00e1 vigilante para asegurar el cumplimiento de las especificaciones t\u00e9cnicas.<\/p>\n","protected":false},"excerpt":{"rendered":"<p>Las intensas lluvias registradas la ma\u00f1ana de este martes 17 de marzo de 2026 generaron emergencias en varios sectores del cant\u00f3n El Pangui, debido al desbordamiento de quebradas que ocasion\u00f3 inundaciones en viviendas y afectaciones a la infraestructura. De acuerdo con el reporte del Cuerpo de Bomberos de El Pangui, las principales afectaciones se concentraron [&hellip;]<\/p>\n","protected":false},"author":1,"featured_media":20282,"comment_status":"open","ping_status":"open","sticky":false,"template":"","format":"standard","meta":{"footnotes":""},"categories":[9],"tags":[],"_links":{"self":[{"href":"https:\/\/infozamoraec.com\/index.php\/wp-json\/wp\/v2\/posts\/20281"}],"collection":[{"href":"https:\/\/infozamoraec.com\/index.php\/wp-json\/wp\/v2\/posts"}],"about":[{"href":"https:\/\/infozamoraec.com\/index.php\/wp-json\/wp\/v2\/types\/post"}],"author":[{"embeddable":true,"href":"https:\/\/infozamoraec.com\/index.php\/wp-json\/wp\/v2\/users\/1"}],"replies":[{"embeddable":true,"href":"https:\/\/infozamoraec.com\/index.php\/wp-json\/wp\/v2\/comments?post=20281"}],"version-history":[{"count":1,"href":"https:\/\/infozamoraec.com\/index.php\/wp-json\/wp\/v2\/posts\/20281\/revisions"}],"predecessor-version":[{"id":20283,"href":"https:\/\/infozamoraec.com\/index.php\/wp-json\/wp\/v2\/posts\/20281\/revisions\/20283"}],"wp:featuredmedia":[{"embeddable":true,"href":"https:\/\/infozamoraec.com\/index.php\/wp-json\/wp\/v2\/media\/20282"}],"wp:attachment":[{"href":"https:\/\/infozamoraec.com\/index.php\/wp-json\/wp\/v2\/media?parent=20281"}],"wp:term":[{"taxonomy":"category","embeddable":true,"href":"https:\/\/infozamoraec.com\/index.php\/wp-json\/wp\/v2\/categories?post=20281"},{"taxonomy":"post_tag","embeddable":true,"href":"https:\/\/infozamoraec.com\/index.php\/wp-json\/wp\/v2\/tags?post=20281"}],"curies":[{"name":"wp","href":"https:\/\/api.w.org\/{rel}","templated":true}]}}