{"id":20278,"date":"2026-03-18T00:57:59","date_gmt":"2026-03-18T00:57:59","guid":{"rendered":"https:\/\/infozamoraec.com\/?p=20278"},"modified":"2026-03-18T00:57:59","modified_gmt":"2026-03-18T00:57:59","slug":"yantzaza-fortalece-el-talento-joven-con-nuevos-talleres-culturales","status":"publish","type":"post","link":"https:\/\/infozamoraec.com\/index.php\/2026\/03\/18\/yantzaza-fortalece-el-talento-joven-con-nuevos-talleres-culturales\/","title":{"rendered":"Yantzaza fortalece el talento joven con nuevos talleres culturales"},"content":{"rendered":"<p>Con entusiasmo y esperanza se realiz\u00f3 la inauguraci\u00f3n de los Talleres Culturales \u201cMe divierto y construyo cultura\u201d, una iniciativa impulsada por la Alcald\u00eda de Yantzaza a trav\u00e9s de la Unidad de Cultura, que busca fortalecer el talento art\u00edstico de ni\u00f1os, ni\u00f1as y j\u00f3venes del cant\u00f3n.<\/p>\n<p>A partir de esta iniciativa, los participantes podr\u00e1n formarse en diversas disciplinas como canto, piano, guitarra, viol\u00edn, danza folkl\u00f3rica, baile moderno, dibujo y pintura, actividades que fomentan el desarrollo integral de la ni\u00f1ez y juventud, permiti\u00e9ndoles descubrir y potenciar sus talentos.<\/p>\n<p>Mar\u00eda Lalangui, alcaldesa del cant\u00f3n manifest\u00f3: \u201cA trav\u00e9s de este tipo de proyectos, nosotros trabajamos para erradicar todo aquello negativo que no queremos que se d\u00e9 en nuestra sociedad, a trav\u00e9s de la m\u00fasica, la danza, de la pintura, y el arte en general\u201d, a su vez, se mostr\u00f3 agradecida porque los proyectos van marchando de la mejor manera, acot\u00f3.<\/p>\n<p>Asimismo, Juli Moreta, madre de familia comparti\u00f3 su emoci\u00f3n por esta iniciativa, resaltando \u201cque los ni\u00f1os podr\u00e1n desarrollar sus habilidades y destrezas; y estar\u00e1n ocupados en algo productivo que les va a ayudar m\u00e1s adelante en su carrera.\u201d expres\u00f3.<\/p>\n<p>Con estos talleres la Alcald\u00eda de Yantzaza enciende una chispa en el coraz\u00f3n de su ni\u00f1ez y juventud, donde cada nota, cada trazo y cada paso de baile se convierten en sue\u00f1os que empiezan a tomar forma. Hoy no solo se inauguran talleres, se abren puertas a la ilusi\u00f3n, a la esperanza y a un futuro donde la cultura late con fuerza en cada rinc\u00f3n del cant\u00f3n.<\/p>\n","protected":false},"excerpt":{"rendered":"<p>Con entusiasmo y esperanza se realiz\u00f3 la inauguraci\u00f3n de los Talleres Culturales \u201cMe divierto y construyo cultura\u201d, una iniciativa impulsada por la Alcald\u00eda de Yantzaza a trav\u00e9s de la Unidad de Cultura, que busca fortalecer el talento art\u00edstico de ni\u00f1os, ni\u00f1as y j\u00f3venes del cant\u00f3n. A partir de esta iniciativa, los participantes podr\u00e1n formarse en [&hellip;]<\/p>\n","protected":false},"author":1,"featured_media":20279,"comment_status":"open","ping_status":"open","sticky":false,"template":"","format":"standard","meta":{"footnotes":""},"categories":[9],"tags":[],"_links":{"self":[{"href":"https:\/\/infozamoraec.com\/index.php\/wp-json\/wp\/v2\/posts\/20278"}],"collection":[{"href":"https:\/\/infozamoraec.com\/index.php\/wp-json\/wp\/v2\/posts"}],"about":[{"href":"https:\/\/infozamoraec.com\/index.php\/wp-json\/wp\/v2\/types\/post"}],"author":[{"embeddable":true,"href":"https:\/\/infozamoraec.com\/index.php\/wp-json\/wp\/v2\/users\/1"}],"replies":[{"embeddable":true,"href":"https:\/\/infozamoraec.com\/index.php\/wp-json\/wp\/v2\/comments?post=20278"}],"version-history":[{"count":1,"href":"https:\/\/infozamoraec.com\/index.php\/wp-json\/wp\/v2\/posts\/20278\/revisions"}],"predecessor-version":[{"id":20280,"href":"https:\/\/infozamoraec.com\/index.php\/wp-json\/wp\/v2\/posts\/20278\/revisions\/20280"}],"wp:featuredmedia":[{"embeddable":true,"href":"https:\/\/infozamoraec.com\/index.php\/wp-json\/wp\/v2\/media\/20279"}],"wp:attachment":[{"href":"https:\/\/infozamoraec.com\/index.php\/wp-json\/wp\/v2\/media?parent=20278"}],"wp:term":[{"taxonomy":"category","embeddable":true,"href":"https:\/\/infozamoraec.com\/index.php\/wp-json\/wp\/v2\/categories?post=20278"},{"taxonomy":"post_tag","embeddable":true,"href":"https:\/\/infozamoraec.com\/index.php\/wp-json\/wp\/v2\/tags?post=20278"}],"curies":[{"name":"wp","href":"https:\/\/api.w.org\/{rel}","templated":true}]}}