{"id":20265,"date":"2026-03-17T21:03:05","date_gmt":"2026-03-17T21:03:05","guid":{"rendered":"https:\/\/infozamoraec.com\/?p=20265"},"modified":"2026-03-17T21:03:05","modified_gmt":"2026-03-17T21:03:05","slug":"concejo-municipal-de-zamora-aprueba-resoluciones-en-sesion-ordinaria","status":"publish","type":"post","link":"https:\/\/infozamoraec.com\/index.php\/2026\/03\/17\/concejo-municipal-de-zamora-aprueba-resoluciones-en-sesion-ordinaria\/","title":{"rendered":"Concejo Municipal de Zamora aprueba resoluciones en sesi\u00f3n ordinaria"},"content":{"rendered":"<p data-start=\"74\" data-end=\"343\">El <span class=\"hover:entity-accent entity-underline inline cursor-pointer align-baseline\"><span class=\"whitespace-normal\">Gobierno Aut\u00f3nomo Descentralizado Municipal de Zamora<\/span><\/span> desarroll\u00f3 este martes 17 de marzo de 2026 la Sesi\u00f3n Ordinaria N.\u00ba 11 en el Sal\u00f3n del Pueblo, con la participaci\u00f3n del alcalde y concejales, quienes instalaron la jornada con el qu\u00f3rum reglamentario y aprobaron el acta anterior.<\/p>\n<p data-start=\"345\" data-end=\"782\">Durante la sesi\u00f3n, el Concejo adopt\u00f3 decisiones orientadas al desarrollo y la seguridad del cant\u00f3n <span class=\"hover:entity-accent entity-underline inline cursor-pointer align-baseline\"><span class=\"whitespace-normal\">Zamora<\/span><\/span>. Entre las principales resoluciones consta la <strong data-start=\"528\" data-end=\"567\">ampliaci\u00f3n por 25 a\u00f1os del comodato<\/strong> del lote N.\u00ba 83, ubicado en la urbanizaci\u00f3n Estancia Romero\u2013Mej\u00eda, a favor del <span class=\"hover:entity-accent entity-underline inline cursor-pointer align-baseline\"><span class=\"whitespace-normal\">Ministerio del Interior del Ecuador<\/span><\/span> \u2013 <span class=\"hover:entity-accent entity-underline inline cursor-pointer align-baseline\"><span class=\"whitespace-normal\">Polic\u00eda Nacional del Ecuador<\/span><\/span>, donde funciona el Centro de Retenci\u00f3n T\u00e9cnica Vehicular.<\/p>\n<p data-start=\"784\" data-end=\"946\">Asimismo, se aprob\u00f3 la <strong data-start=\"807\" data-end=\"869\">autorizaci\u00f3n para el arrendamiento de un espacio municipal<\/strong> a la <span class=\"hover:entity-accent entity-underline inline cursor-pointer align-baseline\"><span class=\"whitespace-normal\">Caja de Ahorro Municipal<\/span><\/span>, conforme a la normativa vigente.<\/p>\n<p data-start=\"948\" data-end=\"1174\">En el desarrollo de la sesi\u00f3n, la comandante de la Subzona de Polic\u00eda Zamora Chinchipe N.\u00ba 19, <span class=\"hover:entity-accent entity-underline inline cursor-pointer align-baseline\"><span class=\"whitespace-normal\">Mar\u00eda Alexandra Salcedo Arias<\/span><\/span>, agradeci\u00f3 el respaldo del municipio para fortalecer el trabajo de seguridad en la provincia.<\/p>\n<p data-start=\"1176\" data-end=\"1471\" data-is-last-node=\"\" data-is-only-node=\"\">De igual manera, <span class=\"hover:entity-accent entity-underline inline cursor-pointer align-baseline\"><span class=\"whitespace-normal\">Esperanza Beatriz Bonete<\/span><\/span>, rectora de la <span class=\"hover:entity-accent entity-underline inline cursor-pointer align-baseline\"><span class=\"whitespace-normal\">Unidad Educativa La Inmaculada<\/span><\/span>, entreg\u00f3 una placa de reconocimiento al cabildo, destacando el apoyo brindado a la instituci\u00f3n, especialmente en trabajos de mantenimiento mediante el aporte de maquinaria y mano de obra.<\/p>\n","protected":false},"excerpt":{"rendered":"<p>El Gobierno Aut\u00f3nomo Descentralizado Municipal de Zamora desarroll\u00f3 este martes 17 de marzo de 2026 la Sesi\u00f3n Ordinaria N.\u00ba 11 en el Sal\u00f3n del Pueblo, con la participaci\u00f3n del alcalde y concejales, quienes instalaron la jornada con el qu\u00f3rum reglamentario y aprobaron el acta anterior. Durante la sesi\u00f3n, el Concejo adopt\u00f3 decisiones orientadas al desarrollo [&hellip;]<\/p>\n","protected":false},"author":1,"featured_media":20266,"comment_status":"open","ping_status":"open","sticky":false,"template":"","format":"standard","meta":{"footnotes":""},"categories":[9],"tags":[],"_links":{"self":[{"href":"https:\/\/infozamoraec.com\/index.php\/wp-json\/wp\/v2\/posts\/20265"}],"collection":[{"href":"https:\/\/infozamoraec.com\/index.php\/wp-json\/wp\/v2\/posts"}],"about":[{"href":"https:\/\/infozamoraec.com\/index.php\/wp-json\/wp\/v2\/types\/post"}],"author":[{"embeddable":true,"href":"https:\/\/infozamoraec.com\/index.php\/wp-json\/wp\/v2\/users\/1"}],"replies":[{"embeddable":true,"href":"https:\/\/infozamoraec.com\/index.php\/wp-json\/wp\/v2\/comments?post=20265"}],"version-history":[{"count":1,"href":"https:\/\/infozamoraec.com\/index.php\/wp-json\/wp\/v2\/posts\/20265\/revisions"}],"predecessor-version":[{"id":20267,"href":"https:\/\/infozamoraec.com\/index.php\/wp-json\/wp\/v2\/posts\/20265\/revisions\/20267"}],"wp:featuredmedia":[{"embeddable":true,"href":"https:\/\/infozamoraec.com\/index.php\/wp-json\/wp\/v2\/media\/20266"}],"wp:attachment":[{"href":"https:\/\/infozamoraec.com\/index.php\/wp-json\/wp\/v2\/media?parent=20265"}],"wp:term":[{"taxonomy":"category","embeddable":true,"href":"https:\/\/infozamoraec.com\/index.php\/wp-json\/wp\/v2\/categories?post=20265"},{"taxonomy":"post_tag","embeddable":true,"href":"https:\/\/infozamoraec.com\/index.php\/wp-json\/wp\/v2\/tags?post=20265"}],"curies":[{"name":"wp","href":"https:\/\/api.w.org\/{rel}","templated":true}]}}