{"id":20245,"date":"2026-03-17T01:58:41","date_gmt":"2026-03-17T01:58:41","guid":{"rendered":"https:\/\/infozamoraec.com\/?p=20245"},"modified":"2026-03-17T01:58:41","modified_gmt":"2026-03-17T01:58:41","slug":"noboa-preside-y-monitorea-ejecucion-de-los-operativos-del-toque-de-queda","status":"publish","type":"post","link":"https:\/\/infozamoraec.com\/index.php\/2026\/03\/17\/noboa-preside-y-monitorea-ejecucion-de-los-operativos-del-toque-de-queda\/","title":{"rendered":"Noboa preside y monitorea ejecuci\u00f3n de los operativos del toque de queda"},"content":{"rendered":"<p>Desde Machala, en El Oro, el presidente de la Rep\u00fablica, Daniel Noboa lider\u00f3 y presidi\u00f3 las mesas t\u00e9cnicas del Bloque de seguridad desde donde lider\u00f3 y monitore\u00f3 los primeros resultados de los operativos dados tras el toque de queda decretado por la Polic\u00eda y las Fuerzas Armadas en cuatro provincias de Ecuador.<\/p>\n<p>El Ministro del Interior, John Reimberg indic\u00f3 que la primera jornada del toque de queda nocturno en parte de Ecuador, que termin\u00f3 la madrugada de este lunes, se sald\u00f3 con allanamientos estrat\u00e9gicos y 253 personas capturadas, seg\u00fan ha confirmado el ministerio del Interior al sitio El Universo, a las 07h35.<\/p>\n<p>La Polic\u00eda public\u00f3 que \u00abse logr\u00f3 la aprehensi\u00f3n de varios ciudadanos, entre ellos un sujeto por tenencia y porte de arma de fuego, as\u00ed como la aprehensi\u00f3n de un individuo en posesi\u00f3n de sustancias sujetas a fiscalizaci\u00f3n\u00bb, y de varias personas m\u00e1s por violar las restricciones de movilidad.<\/p>\n<p>Tambi\u00e9n, el medio Ecuavisa logr\u00f3 acceder a fuentes donde confirmaron que Estados Unidos est\u00e1n apoyando activamente a las fuerzas del orden en Ecuador para ejecutar esstas acciones conjuntas contra la delincuencia.<\/p>\n<p>En el primer reporte del Ministerio del Interior mientras dur\u00f3 la emergencia en la noche del domingo y la madrugada del 16 de marzo:<\/p>\n<p>253 detenidos en el toque de queda a nivel de las cuatro provincias, es decir, Guayas, Santo Domingo, Los R\u00edos y Esmeraldas, seg\u00fan el ministerio del Interior.<br \/>\nEn la Zona 8, que abarca a Guayaquil, Dur\u00e1n y Samborond\u00f3n, se registraron 112 aprehensiones.<br \/>\nDe este total en la Zona 8, 109 son por violar el toque de queda, dos por posesi\u00f3n de drogas, y uno por porte ilegal de armas.<br \/>\n566 personas registradas en las cuatro provincias.<br \/>\nDetenido un individuo de inter\u00e9s penal relevante, identificado como Bryan Jos\u00e9 Mac\u00edas Cede\u00f1o.<br \/>\nTres objetivos militares.<br \/>\n11 armas blancas decomisadas.<br \/>\n233 veh\u00edculos registrados, de los cuales 22 fueron retenidos.<br \/>\n29 motos retenidas<\/p>\n<p>Fuerzas Armadas destruyen \u00abguaridas del terror\u00bb de los narcotraficantes<br \/>\nTanto Polic\u00eda como Fuerzas Armadas aprovecharon el primer d\u00eda del toque de queda en Ecuador para destruir dos guaridas del terror, es decir, sitios utilizados por bandas criminales para sus operaciones.<\/p>\n<p>Este operativo de control se cumpli\u00f3 como parte del toque de queda, que rige desde el 15 de marzo de 2026 y que durar\u00e1, al menos, 15 d\u00edas. Durante este tiempo, los ciudadanos de cuatro provincias tienen prohibido salir de sus casas desde las 23:00 hasta las 05:00, con excepciones de personal de salud o policial.<\/p>\n<p>El Ministerio de Defensa indic\u00f3 que en este primer d\u00eda del toque de queda se destruyeron dos \u2018guaridas del terror\u2019, localizadas por militares en los sectores de El Arbolito, y en fincas Delia.<\/p>\n<p>\u00abCon informaci\u00f3n de inteligencia, personal militar ejecut\u00f3 una intervenci\u00f3n en una vivienda ubicada en el sector El Arbolito, utilizada como punto estrat\u00e9gico de vigilancia por integrantes del Grupo de Delincuencia Organizada CK BM\u00ab, dijo el Ministerio de Defensa. (I)<\/p>\n","protected":false},"excerpt":{"rendered":"<p>Desde Machala, en El Oro, el presidente de la Rep\u00fablica, Daniel Noboa lider\u00f3 y presidi\u00f3 las mesas t\u00e9cnicas del Bloque de seguridad desde donde lider\u00f3 y monitore\u00f3 los primeros resultados de los operativos dados tras el toque de queda decretado por la Polic\u00eda y las Fuerzas Armadas en cuatro provincias de Ecuador. El Ministro del [&hellip;]<\/p>\n","protected":false},"author":1,"featured_media":20246,"comment_status":"open","ping_status":"open","sticky":false,"template":"","format":"standard","meta":{"footnotes":""},"categories":[12],"tags":[],"_links":{"self":[{"href":"https:\/\/infozamoraec.com\/index.php\/wp-json\/wp\/v2\/posts\/20245"}],"collection":[{"href":"https:\/\/infozamoraec.com\/index.php\/wp-json\/wp\/v2\/posts"}],"about":[{"href":"https:\/\/infozamoraec.com\/index.php\/wp-json\/wp\/v2\/types\/post"}],"author":[{"embeddable":true,"href":"https:\/\/infozamoraec.com\/index.php\/wp-json\/wp\/v2\/users\/1"}],"replies":[{"embeddable":true,"href":"https:\/\/infozamoraec.com\/index.php\/wp-json\/wp\/v2\/comments?post=20245"}],"version-history":[{"count":1,"href":"https:\/\/infozamoraec.com\/index.php\/wp-json\/wp\/v2\/posts\/20245\/revisions"}],"predecessor-version":[{"id":20247,"href":"https:\/\/infozamoraec.com\/index.php\/wp-json\/wp\/v2\/posts\/20245\/revisions\/20247"}],"wp:featuredmedia":[{"embeddable":true,"href":"https:\/\/infozamoraec.com\/index.php\/wp-json\/wp\/v2\/media\/20246"}],"wp:attachment":[{"href":"https:\/\/infozamoraec.com\/index.php\/wp-json\/wp\/v2\/media?parent=20245"}],"wp:term":[{"taxonomy":"category","embeddable":true,"href":"https:\/\/infozamoraec.com\/index.php\/wp-json\/wp\/v2\/categories?post=20245"},{"taxonomy":"post_tag","embeddable":true,"href":"https:\/\/infozamoraec.com\/index.php\/wp-json\/wp\/v2\/tags?post=20245"}],"curies":[{"name":"wp","href":"https:\/\/api.w.org\/{rel}","templated":true}]}}