{"id":20239,"date":"2026-03-17T01:50:54","date_gmt":"2026-03-17T01:50:54","guid":{"rendered":"https:\/\/infozamoraec.com\/?p=20239"},"modified":"2026-03-17T01:50:54","modified_gmt":"2026-03-17T01:50:54","slug":"correa-y-otras-figuras-cercanas-a-rc-deberan-comparecer-por-el-asesianto-de-villavicencio","status":"publish","type":"post","link":"https:\/\/infozamoraec.com\/index.php\/2026\/03\/17\/correa-y-otras-figuras-cercanas-a-rc-deberan-comparecer-por-el-asesianto-de-villavicencio\/","title":{"rendered":"Correa y otras figuras cercanas a RC deber\u00e1n comparecer por el asesianto de Villavicencio"},"content":{"rendered":"<p>Concluy\u00f3 la instrucci\u00f3n fiscal del caso para dar con los autores intelectuales del asesinato de Fernando Villavicencio. Durante ella, la Fiscal\u00eda pidi\u00f3 las versiones de Rafael Correa, su exsecretario jur\u00eddico Alexis Mera y el asamble\u00edsta corre\u00edsta Juan Andr\u00e9s Gonz\u00e1lez, quienes deber\u00e1n comparecer entre martes y mi\u00e9rcoles.<\/p>\n<p>Como prueba para sustentar la petici\u00f3n de este pedido, se escucharan audios extra\u00eddos del tel\u00e9fono del expolic\u00eda Rondey Rengel, procesado junto a la excomandante Tannya Varela y a un coronel por difusi\u00f3n de informaci\u00f3n reservada.<\/p>\n<p>Amanda, hija de Villavicencio expres\u00f3: \u00abSiempre lo hemos sabido, pero ya escucharle tambi\u00e9n de la propia boca del l\u00edder de esta agrupaci\u00f3n criminal, pone las cosas un poco m\u00e1s en su sitio\u00ab, expres\u00f3.<\/p>\n<p>En otros audios revelados por la Fiscal\u00eda, se escucha a Mar\u00eda Paula Christiansen, pareja del exministro Jos\u00e9 Serrano, y a Xavier Jord\u00e1n, donde se evidenciar\u00eda la compra de testigos.<\/p>\n<p>\u00abSon extra\u00eddos de una grabadora de voz que los mismos abogados de Serrano entregaron. Ha sido fe\u00edsimo escuchar, claro, como Mar\u00eda Paula Christiansen, le dice Xavi, le dice a Xavier Jord\u00e1n, cuando usted me preguntaba como se ve est\u00e1n en una misma mesa\u00bb, expres\u00f3 Villavicencio.<\/p>\n<p>En ese mismo audio se escucha que, supuestamente, Amanda dijo que la viuda de Villavicencio, Ver\u00f3nica Sarauz, entreg\u00f3 una carta apoyando la tesis de que el caso es armado. Sin embargo, ella no precis\u00f3 m\u00e1s al respecto. (I)<\/p>\n","protected":false},"excerpt":{"rendered":"<p>Concluy\u00f3 la instrucci\u00f3n fiscal del caso para dar con los autores intelectuales del asesinato de Fernando Villavicencio. Durante ella, la Fiscal\u00eda pidi\u00f3 las versiones de Rafael Correa, su exsecretario jur\u00eddico Alexis Mera y el asamble\u00edsta corre\u00edsta Juan Andr\u00e9s Gonz\u00e1lez, quienes deber\u00e1n comparecer entre martes y mi\u00e9rcoles. Como prueba para sustentar la petici\u00f3n de este pedido, [&hellip;]<\/p>\n","protected":false},"author":1,"featured_media":20240,"comment_status":"open","ping_status":"open","sticky":false,"template":"","format":"standard","meta":{"footnotes":""},"categories":[12],"tags":[],"_links":{"self":[{"href":"https:\/\/infozamoraec.com\/index.php\/wp-json\/wp\/v2\/posts\/20239"}],"collection":[{"href":"https:\/\/infozamoraec.com\/index.php\/wp-json\/wp\/v2\/posts"}],"about":[{"href":"https:\/\/infozamoraec.com\/index.php\/wp-json\/wp\/v2\/types\/post"}],"author":[{"embeddable":true,"href":"https:\/\/infozamoraec.com\/index.php\/wp-json\/wp\/v2\/users\/1"}],"replies":[{"embeddable":true,"href":"https:\/\/infozamoraec.com\/index.php\/wp-json\/wp\/v2\/comments?post=20239"}],"version-history":[{"count":1,"href":"https:\/\/infozamoraec.com\/index.php\/wp-json\/wp\/v2\/posts\/20239\/revisions"}],"predecessor-version":[{"id":20241,"href":"https:\/\/infozamoraec.com\/index.php\/wp-json\/wp\/v2\/posts\/20239\/revisions\/20241"}],"wp:featuredmedia":[{"embeddable":true,"href":"https:\/\/infozamoraec.com\/index.php\/wp-json\/wp\/v2\/media\/20240"}],"wp:attachment":[{"href":"https:\/\/infozamoraec.com\/index.php\/wp-json\/wp\/v2\/media?parent=20239"}],"wp:term":[{"taxonomy":"category","embeddable":true,"href":"https:\/\/infozamoraec.com\/index.php\/wp-json\/wp\/v2\/categories?post=20239"},{"taxonomy":"post_tag","embeddable":true,"href":"https:\/\/infozamoraec.com\/index.php\/wp-json\/wp\/v2\/tags?post=20239"}],"curies":[{"name":"wp","href":"https:\/\/api.w.org\/{rel}","templated":true}]}}