{"id":20229,"date":"2026-03-17T01:42:52","date_gmt":"2026-03-17T01:42:52","guid":{"rendered":"https:\/\/infozamoraec.com\/?p=20229"},"modified":"2026-03-17T01:42:52","modified_gmt":"2026-03-17T01:42:52","slug":"mesa-tecnica-impulsa-acceso-a-la-justicia-con-enfoque-de-genero-en-zamora-chinchipe","status":"publish","type":"post","link":"https:\/\/infozamoraec.com\/index.php\/2026\/03\/17\/mesa-tecnica-impulsa-acceso-a-la-justicia-con-enfoque-de-genero-en-zamora-chinchipe\/","title":{"rendered":"Mesa t\u00e9cnica impulsa acceso a la justicia con enfoque de g\u00e9nero en Zamora Chinchipe"},"content":{"rendered":"<p data-start=\"89\" data-end=\"415\">En el marco del Mes de la Mujer, la <span class=\"hover:entity-accent entity-underline inline cursor-pointer align-baseline\"><span class=\"whitespace-normal\">Consejo de la Judicatura<\/span><\/span> activ\u00f3 en la provincia de <span class=\"hover:entity-accent entity-underline inline cursor-pointer align-baseline\"><span class=\"whitespace-normal\">Zamora Chinchipe<\/span><\/span> la <strong data-start=\"230\" data-end=\"267\">Mesa T\u00e9cnica de Justicia y G\u00e9nero<\/strong>, un espacio de coordinaci\u00f3n interinstitucional orientado a fortalecer el acceso a la justicia para mujeres y grupos en situaci\u00f3n de vulnerabilidad.<\/p>\n<p data-start=\"417\" data-end=\"693\">La jornada fue liderada por la directora provincial <span class=\"hover:entity-accent entity-underline inline cursor-pointer align-baseline\"><span class=\"whitespace-normal\">Vilma Armijos<\/span><\/span> y el presidente de la Corte Provincial de Justicia, <span class=\"hover:entity-accent entity-underline inline cursor-pointer align-baseline\"><span class=\"whitespace-normal\">Frank Caama\u00f1o<\/span><\/span>, con la participaci\u00f3n de autoridades del sistema judicial y representantes de la sociedad civil.<\/p>\n<p data-start=\"695\" data-end=\"1102\">Durante el encuentro, Vilma Armijos destac\u00f3 que esta iniciativa responde a los lineamientos nacionales del organismo para consolidar un sistema de justicia con enfoque de g\u00e9nero, enfatizando la importancia del trabajo articulado para prevenir y erradicar la violencia. Por su parte, Frank Caama\u00f1o subray\u00f3 que estos espacios permiten generar respuestas m\u00e1s \u00e1giles y eficaces frente a las demandas ciudadanas.<\/p>\n<p data-start=\"1104\" data-end=\"1494\">En la sesi\u00f3n, las instituciones participantes asumieron compromisos enfocados en mejorar la coordinaci\u00f3n interinstitucional, evitar retrasos en la atenci\u00f3n de casos, fortalecer el seguimiento a las medidas de protecci\u00f3n \u2014incluidas las emitidas por tenencias pol\u00edticas y comisar\u00edas de Polic\u00eda\u2014 y promover procesos de capacitaci\u00f3n dirigidos a servidores que atienden situaciones de violencia.<\/p>\n<p data-start=\"1496\" data-end=\"1710\" data-is-last-node=\"\" data-is-only-node=\"\">Con esta acci\u00f3n, el <span class=\"hover:entity-accent entity-underline inline cursor-pointer align-baseline\"><span class=\"whitespace-normal\">Consejo de la Judicatura<\/span><\/span> reafirma su compromiso de garantizar una justicia m\u00e1s inclusiva, con enfoque de g\u00e9nero y orientada a la protecci\u00f3n integral de las v\u00edctimas en la provincia.<\/p>\n","protected":false},"excerpt":{"rendered":"<p>En el marco del Mes de la Mujer, la Consejo de la Judicatura activ\u00f3 en la provincia de Zamora Chinchipe la Mesa T\u00e9cnica de Justicia y G\u00e9nero, un espacio de coordinaci\u00f3n interinstitucional orientado a fortalecer el acceso a la justicia para mujeres y grupos en situaci\u00f3n de vulnerabilidad. La jornada fue liderada por la directora [&hellip;]<\/p>\n","protected":false},"author":1,"featured_media":20230,"comment_status":"open","ping_status":"open","sticky":false,"template":"","format":"standard","meta":{"footnotes":""},"categories":[9],"tags":[],"_links":{"self":[{"href":"https:\/\/infozamoraec.com\/index.php\/wp-json\/wp\/v2\/posts\/20229"}],"collection":[{"href":"https:\/\/infozamoraec.com\/index.php\/wp-json\/wp\/v2\/posts"}],"about":[{"href":"https:\/\/infozamoraec.com\/index.php\/wp-json\/wp\/v2\/types\/post"}],"author":[{"embeddable":true,"href":"https:\/\/infozamoraec.com\/index.php\/wp-json\/wp\/v2\/users\/1"}],"replies":[{"embeddable":true,"href":"https:\/\/infozamoraec.com\/index.php\/wp-json\/wp\/v2\/comments?post=20229"}],"version-history":[{"count":2,"href":"https:\/\/infozamoraec.com\/index.php\/wp-json\/wp\/v2\/posts\/20229\/revisions"}],"predecessor-version":[{"id":20232,"href":"https:\/\/infozamoraec.com\/index.php\/wp-json\/wp\/v2\/posts\/20229\/revisions\/20232"}],"wp:featuredmedia":[{"embeddable":true,"href":"https:\/\/infozamoraec.com\/index.php\/wp-json\/wp\/v2\/media\/20230"}],"wp:attachment":[{"href":"https:\/\/infozamoraec.com\/index.php\/wp-json\/wp\/v2\/media?parent=20229"}],"wp:term":[{"taxonomy":"category","embeddable":true,"href":"https:\/\/infozamoraec.com\/index.php\/wp-json\/wp\/v2\/categories?post=20229"},{"taxonomy":"post_tag","embeddable":true,"href":"https:\/\/infozamoraec.com\/index.php\/wp-json\/wp\/v2\/tags?post=20229"}],"curies":[{"name":"wp","href":"https:\/\/api.w.org\/{rel}","templated":true}]}}