{"id":20225,"date":"2026-03-17T01:31:59","date_gmt":"2026-03-17T01:31:59","guid":{"rendered":"https:\/\/infozamoraec.com\/?p=20225"},"modified":"2026-03-17T01:31:59","modified_gmt":"2026-03-17T01:31:59","slug":"inician-talleres-de-valor-agregado-a-productos-de-chacra-en-zamora","status":"publish","type":"post","link":"https:\/\/infozamoraec.com\/index.php\/2026\/03\/17\/inician-talleres-de-valor-agregado-a-productos-de-chacra-en-zamora\/","title":{"rendered":"Inician talleres de valor agregado a productos de chacra en Zamora"},"content":{"rendered":"<p data-start=\"72\" data-end=\"303\">Este lunes 16 de marzo de 2026 se inauguraron los <strong data-start=\"122\" data-end=\"184\">Talleres Pr\u00e1cticos de Valor Agregado a Productos de Chacra<\/strong> en la sala de reuniones del <span class=\"hover:entity-accent entity-underline inline cursor-pointer align-baseline\"><span class=\"whitespace-normal\">Mercado Centro Comercial Reina de El Cisne<\/span><\/span>, en el cant\u00f3n <span class=\"hover:entity-accent entity-underline inline cursor-pointer align-baseline\"><span class=\"whitespace-normal\">Zamora<\/span><\/span>.<\/p>\n<p data-start=\"305\" data-end=\"682\">La iniciativa re\u00fane a ciudadanos interesados en fortalecer sus capacidades productivas mediante la transformaci\u00f3n de productos del campo. Durante cuatro d\u00edas de capacitaci\u00f3n, los participantes recibir\u00e1n formaci\u00f3n pr\u00e1ctica en la elaboraci\u00f3n de derivados de productos de chacra, con el objetivo de generar nuevas oportunidades de emprendimiento y mejorar los ingresos familiares.<\/p>\n<p data-start=\"684\" data-end=\"910\">El programa es impulsado por el <span class=\"hover:entity-accent entity-underline inline cursor-pointer align-baseline\"><span class=\"whitespace-normal\">Gobierno Aut\u00f3nomo Descentralizado Municipal de Zamora<\/span><\/span>, a trav\u00e9s del Departamento de Gesti\u00f3n Social y el Proyecto de Reactivaci\u00f3n Econ\u00f3mica, en coordinaci\u00f3n con el <span class=\"hover:entity-accent entity-underline inline cursor-pointer align-baseline\"><span class=\"whitespace-normal\">Consorcio de Municipios Amaz\u00f3nicos y Gal\u00e1pagos<\/span><\/span> (COMAGA).<\/p>\n<p data-start=\"912\" data-end=\"1167\" data-is-last-node=\"\" data-is-only-node=\"\">Los talleres se desarrollar\u00e1n hasta el jueves 19 de marzo y buscan promover alternativas sostenibles que dinamicen la econom\u00eda local, brindando a la ciudadan\u00eda herramientas para agregar valor a la producci\u00f3n agr\u00edcola y fortalecer el desarrollo del cant\u00f3n.<\/p>\n","protected":false},"excerpt":{"rendered":"<p>Este lunes 16 de marzo de 2026 se inauguraron los Talleres Pr\u00e1cticos de Valor Agregado a Productos de Chacra en la sala de reuniones del Mercado Centro Comercial Reina de El Cisne, en el cant\u00f3n Zamora. La iniciativa re\u00fane a ciudadanos interesados en fortalecer sus capacidades productivas mediante la transformaci\u00f3n de productos del campo. Durante [&hellip;]<\/p>\n","protected":false},"author":1,"featured_media":20226,"comment_status":"open","ping_status":"open","sticky":false,"template":"","format":"standard","meta":{"footnotes":""},"categories":[9],"tags":[],"_links":{"self":[{"href":"https:\/\/infozamoraec.com\/index.php\/wp-json\/wp\/v2\/posts\/20225"}],"collection":[{"href":"https:\/\/infozamoraec.com\/index.php\/wp-json\/wp\/v2\/posts"}],"about":[{"href":"https:\/\/infozamoraec.com\/index.php\/wp-json\/wp\/v2\/types\/post"}],"author":[{"embeddable":true,"href":"https:\/\/infozamoraec.com\/index.php\/wp-json\/wp\/v2\/users\/1"}],"replies":[{"embeddable":true,"href":"https:\/\/infozamoraec.com\/index.php\/wp-json\/wp\/v2\/comments?post=20225"}],"version-history":[{"count":2,"href":"https:\/\/infozamoraec.com\/index.php\/wp-json\/wp\/v2\/posts\/20225\/revisions"}],"predecessor-version":[{"id":20228,"href":"https:\/\/infozamoraec.com\/index.php\/wp-json\/wp\/v2\/posts\/20225\/revisions\/20228"}],"wp:featuredmedia":[{"embeddable":true,"href":"https:\/\/infozamoraec.com\/index.php\/wp-json\/wp\/v2\/media\/20226"}],"wp:attachment":[{"href":"https:\/\/infozamoraec.com\/index.php\/wp-json\/wp\/v2\/media?parent=20225"}],"wp:term":[{"taxonomy":"category","embeddable":true,"href":"https:\/\/infozamoraec.com\/index.php\/wp-json\/wp\/v2\/categories?post=20225"},{"taxonomy":"post_tag","embeddable":true,"href":"https:\/\/infozamoraec.com\/index.php\/wp-json\/wp\/v2\/tags?post=20225"}],"curies":[{"name":"wp","href":"https:\/\/api.w.org\/{rel}","templated":true}]}}