{"id":20217,"date":"2026-03-17T01:25:54","date_gmt":"2026-03-17T01:25:54","guid":{"rendered":"https:\/\/infozamoraec.com\/?p=20217"},"modified":"2026-03-17T01:25:54","modified_gmt":"2026-03-17T01:25:54","slug":"hospitales-de-zamora-y-yantzaza-fortalecen-atencion-neonatal-con-nuevas-termocunas","status":"publish","type":"post","link":"https:\/\/infozamoraec.com\/index.php\/2026\/03\/17\/hospitales-de-zamora-y-yantzaza-fortalecen-atencion-neonatal-con-nuevas-termocunas\/","title":{"rendered":"Hospitales de Zamora y Yantzaza fortalecen atenci\u00f3n neonatal con nuevas termocunas"},"content":{"rendered":"<p data-start=\"88\" data-end=\"395\">Los hospitales de <span class=\"hover:entity-accent entity-underline inline cursor-pointer align-baseline\"><span class=\"whitespace-normal\">Zamora<\/span><\/span> y <span class=\"hover:entity-accent entity-underline inline cursor-pointer align-baseline\"><span class=\"whitespace-normal\">Yantzaza<\/span><\/span> incorporaron nuevas <strong data-start=\"204\" data-end=\"244\">termocunas o cunas de calor radiante<\/strong>, equipos m\u00e9dicos destinados a mejorar la atenci\u00f3n de reci\u00e9n nacidos, especialmente aquellos prematuros o con complicaciones al momento del nacimiento.<\/p>\n<p data-start=\"397\" data-end=\"636\">Los equipos fueron entregados al <span class=\"hover:entity-accent entity-underline inline cursor-pointer align-baseline\"><span class=\"whitespace-normal\">Hospital General Julius Doepfner<\/span><\/span> y al <span class=\"hover:entity-accent entity-underline inline cursor-pointer align-baseline\"><span class=\"whitespace-normal\">Hospital B\u00e1sico de Yantzaza<\/span><\/span>, como parte de una acci\u00f3n conjunta entre el <span class=\"hover:entity-accent entity-underline inline cursor-pointer align-baseline\"><span class=\"whitespace-normal\">Ministerio de Salud P\u00fablica del Ecuador<\/span><\/span> y la <span class=\"hover:entity-accent entity-underline inline cursor-pointer align-baseline\"><span class=\"whitespace-normal\">Organizaci\u00f3n Panamericana de la Salud<\/span><\/span>.<\/p>\n<p data-start=\"638\" data-end=\"916\">Seg\u00fan se inform\u00f3, las termocunas ser\u00e1n instaladas en los pr\u00f3ximos d\u00edas, siguiendo los protocolos t\u00e9cnicos correspondientes, con el objetivo de <strong data-start=\"781\" data-end=\"876\">garantizar condiciones adecuadas para el control de la temperatura corporal de los neonatos<\/strong>, un factor clave para su supervivencia.<\/p>\n<p data-start=\"918\" data-end=\"1164\">El director del Hospital Julius Doepfner, <span class=\"hover:entity-accent entity-underline inline cursor-pointer align-baseline\"><span class=\"whitespace-normal\">Gustavo Apolo<\/span><\/span>, destac\u00f3 que estos equipos permitir\u00e1n <strong data-start=\"1036\" data-end=\"1163\">mejorar las condiciones de atenci\u00f3n y aumentar las oportunidades de vida de los beb\u00e9s que requieren cuidados especializados<\/strong>.<\/p>\n<p data-start=\"1166\" data-end=\"1417\">Por su parte, <span class=\"hover:entity-accent entity-underline inline cursor-pointer align-baseline\"><span class=\"whitespace-normal\">Christian Berzosa<\/span><\/span>, director del Hospital de Yantzaza, se\u00f1al\u00f3 que esta incorporaci\u00f3n contribuye a <strong data-start=\"1297\" data-end=\"1358\">fortalecer la calidad y calidez de los servicios de salud<\/strong>, beneficiando directamente a las familias de la provincia.<\/p>\n<p data-start=\"1419\" data-end=\"1683\" data-is-last-node=\"\" data-is-only-node=\"\">Con esta inversi\u00f3n, el Ministerio de Salud P\u00fablica refuerza los servicios de neonatolog\u00eda en la provincia de <span class=\"hover:entity-accent entity-underline inline cursor-pointer align-baseline\"><span class=\"whitespace-normal\">Zamora Chinchipe<\/span><\/span>, con el prop\u00f3sito de brindar una <strong data-start=\"1599\" data-end=\"1677\">atenci\u00f3n oportuna, segura y de calidad desde los primeros momentos de vida<\/strong><\/p>\n","protected":false},"excerpt":{"rendered":"<p>Los hospitales de Zamora y Yantzaza incorporaron nuevas termocunas o cunas de calor radiante, equipos m\u00e9dicos destinados a mejorar la atenci\u00f3n de reci\u00e9n nacidos, especialmente aquellos prematuros o con complicaciones al momento del nacimiento. Los equipos fueron entregados al Hospital General Julius Doepfner y al Hospital B\u00e1sico de Yantzaza, como parte de una acci\u00f3n conjunta [&hellip;]<\/p>\n","protected":false},"author":1,"featured_media":20218,"comment_status":"open","ping_status":"open","sticky":false,"template":"","format":"standard","meta":{"footnotes":""},"categories":[9],"tags":[],"_links":{"self":[{"href":"https:\/\/infozamoraec.com\/index.php\/wp-json\/wp\/v2\/posts\/20217"}],"collection":[{"href":"https:\/\/infozamoraec.com\/index.php\/wp-json\/wp\/v2\/posts"}],"about":[{"href":"https:\/\/infozamoraec.com\/index.php\/wp-json\/wp\/v2\/types\/post"}],"author":[{"embeddable":true,"href":"https:\/\/infozamoraec.com\/index.php\/wp-json\/wp\/v2\/users\/1"}],"replies":[{"embeddable":true,"href":"https:\/\/infozamoraec.com\/index.php\/wp-json\/wp\/v2\/comments?post=20217"}],"version-history":[{"count":2,"href":"https:\/\/infozamoraec.com\/index.php\/wp-json\/wp\/v2\/posts\/20217\/revisions"}],"predecessor-version":[{"id":20220,"href":"https:\/\/infozamoraec.com\/index.php\/wp-json\/wp\/v2\/posts\/20217\/revisions\/20220"}],"wp:featuredmedia":[{"embeddable":true,"href":"https:\/\/infozamoraec.com\/index.php\/wp-json\/wp\/v2\/media\/20218"}],"wp:attachment":[{"href":"https:\/\/infozamoraec.com\/index.php\/wp-json\/wp\/v2\/media?parent=20217"}],"wp:term":[{"taxonomy":"category","embeddable":true,"href":"https:\/\/infozamoraec.com\/index.php\/wp-json\/wp\/v2\/categories?post=20217"},{"taxonomy":"post_tag","embeddable":true,"href":"https:\/\/infozamoraec.com\/index.php\/wp-json\/wp\/v2\/tags?post=20217"}],"curies":[{"name":"wp","href":"https:\/\/api.w.org\/{rel}","templated":true}]}}