{"id":20212,"date":"2026-03-14T22:46:55","date_gmt":"2026-03-14T22:46:55","guid":{"rendered":"https:\/\/infozamoraec.com\/?p=20212"},"modified":"2026-03-14T22:46:55","modified_gmt":"2026-03-14T22:46:55","slug":"policia-comunitaria-impulsa-proyecto-mi-barrio-mi-policia-en-zamora","status":"publish","type":"post","link":"https:\/\/infozamoraec.com\/index.php\/2026\/03\/14\/policia-comunitaria-impulsa-proyecto-mi-barrio-mi-policia-en-zamora\/","title":{"rendered":"Polic\u00eda Comunitaria impulsa proyecto \u201cMi Barrio, Mi Polic\u00eda\u201d en Zamora"},"content":{"rendered":"<p data-start=\"76\" data-end=\"404\">La <span class=\"hover:entity-accent entity-underline inline cursor-pointer align-baseline\"><span class=\"whitespace-normal\">Polic\u00eda Nacional del Ecuador<\/span><\/span>, a trav\u00e9s de la <strong data-start=\"133\" data-end=\"207\">Polic\u00eda Comunitaria del Distrito <span class=\"hover:entity-accent entity-underline inline cursor-pointer align-baseline\"><span class=\"whitespace-normal\">Zamora<\/span><\/span><\/strong>, anunci\u00f3 la puesta en marcha del proyecto <strong data-start=\"250\" data-end=\"277\">\u201cMi Barrio, Mi Polic\u00eda\u201d<\/strong>, una iniciativa orientada a fortalecer la seguridad mediante el trabajo conjunto entre la instituci\u00f3n policial y la comunidad.<\/p>\n<p data-start=\"406\" data-end=\"644\">De acuerdo con la entidad, el programa busca <strong data-start=\"451\" data-end=\"643\">fortalecer la organizaci\u00f3n barrial, promover la participaci\u00f3n ciudadana, prevenir delitos y mejorar la comunicaci\u00f3n directa entre los habitantes y las Unidades de Polic\u00eda Comunitaria (UPC)<\/strong>.<\/p>\n<p data-start=\"646\" data-end=\"979\">La Polic\u00eda Comunitaria explic\u00f3 que la seguridad es una responsabilidad compartida, por lo que la participaci\u00f3n activa de los moradores resulta fundamental para construir entornos m\u00e1s seguros. En ese sentido, se destac\u00f3 que <strong data-start=\"869\" data-end=\"978\">un barrio organizado contribuye significativamente a la prevenci\u00f3n del delito y a la convivencia pac\u00edfica<\/strong>.<\/p>\n<p data-start=\"981\" data-end=\"1271\">Como parte de la iniciativa, en las pr\u00f3ximas semanas se desarrollar\u00e1n <strong data-start=\"1051\" data-end=\"1164\">reuniones comunitarias, talleres preventivos, visitas domiciliarias y actividades dirigidas a ni\u00f1os y j\u00f3venes<\/strong>, con el prop\u00f3sito de generar confianza, corresponsabilidad y cooperaci\u00f3n entre la ciudadan\u00eda y la Polic\u00eda.<\/p>\n<p data-start=\"1273\" data-end=\"1521\" data-is-last-node=\"\" data-is-only-node=\"\">Con este proyecto, la Polic\u00eda Nacional busca <strong data-start=\"1318\" data-end=\"1399\">fortalecer los v\u00ednculos con la comunidad y promover una cultura de prevenci\u00f3n<\/strong>, orientada a mejorar la seguridad y la calidad de vida de los habitantes de los diferentes barrios del cant\u00f3n.<\/p>\n","protected":false},"excerpt":{"rendered":"<p>La Polic\u00eda Nacional del Ecuador, a trav\u00e9s de la Polic\u00eda Comunitaria del Distrito Zamora, anunci\u00f3 la puesta en marcha del proyecto \u201cMi Barrio, Mi Polic\u00eda\u201d, una iniciativa orientada a fortalecer la seguridad mediante el trabajo conjunto entre la instituci\u00f3n policial y la comunidad. De acuerdo con la entidad, el programa busca fortalecer la organizaci\u00f3n barrial, [&hellip;]<\/p>\n","protected":false},"author":1,"featured_media":20213,"comment_status":"open","ping_status":"open","sticky":false,"template":"","format":"standard","meta":{"footnotes":""},"categories":[9],"tags":[],"_links":{"self":[{"href":"https:\/\/infozamoraec.com\/index.php\/wp-json\/wp\/v2\/posts\/20212"}],"collection":[{"href":"https:\/\/infozamoraec.com\/index.php\/wp-json\/wp\/v2\/posts"}],"about":[{"href":"https:\/\/infozamoraec.com\/index.php\/wp-json\/wp\/v2\/types\/post"}],"author":[{"embeddable":true,"href":"https:\/\/infozamoraec.com\/index.php\/wp-json\/wp\/v2\/users\/1"}],"replies":[{"embeddable":true,"href":"https:\/\/infozamoraec.com\/index.php\/wp-json\/wp\/v2\/comments?post=20212"}],"version-history":[{"count":2,"href":"https:\/\/infozamoraec.com\/index.php\/wp-json\/wp\/v2\/posts\/20212\/revisions"}],"predecessor-version":[{"id":20215,"href":"https:\/\/infozamoraec.com\/index.php\/wp-json\/wp\/v2\/posts\/20212\/revisions\/20215"}],"wp:featuredmedia":[{"embeddable":true,"href":"https:\/\/infozamoraec.com\/index.php\/wp-json\/wp\/v2\/media\/20213"}],"wp:attachment":[{"href":"https:\/\/infozamoraec.com\/index.php\/wp-json\/wp\/v2\/media?parent=20212"}],"wp:term":[{"taxonomy":"category","embeddable":true,"href":"https:\/\/infozamoraec.com\/index.php\/wp-json\/wp\/v2\/categories?post=20212"},{"taxonomy":"post_tag","embeddable":true,"href":"https:\/\/infozamoraec.com\/index.php\/wp-json\/wp\/v2\/tags?post=20212"}],"curies":[{"name":"wp","href":"https:\/\/api.w.org\/{rel}","templated":true}]}}