{"id":20199,"date":"2026-03-14T01:29:49","date_gmt":"2026-03-14T01:29:49","guid":{"rendered":"https:\/\/infozamoraec.com\/?p=20199"},"modified":"2026-03-14T01:29:49","modified_gmt":"2026-03-14T01:29:49","slug":"capturan-juez-acusado-de-favorecer-a-narcos","status":"publish","type":"post","link":"https:\/\/infozamoraec.com\/index.php\/2026\/03\/14\/capturan-juez-acusado-de-favorecer-a-narcos\/","title":{"rendered":"Capturan juez acusado de favorecer a narcos"},"content":{"rendered":"<p>El ministro del Interior,\u00a0<strong><a title=\"John Reimberg\" href=\"https:\/\/x.com\/JohnReimberg\" target=\"_blank\" rel=\"noopener\">John Reimberg<\/a>, ha informado que la Polic\u00eda detuvo al juez de Garant\u00edas Penales de\u00a0<a title=\"Guayaquil\" href=\"https:\/\/www.larepublica.ec\/blog\/2026\/03\/03\/eeuu-recomienda-a-sus-ciudadanos-no-viajar-a-areas-de-guayaquil\/\" target=\"_blank\" rel=\"noopener\">Guayaquil<\/a>, \u00c1ngel Enrique Tapia V\u00e9lez<\/strong>, a quien ha acusado del\u00a0<strong>delito de tr\u00e1fico de influencias.<\/strong>\u00a0Seg\u00fan indic\u00f3,\u00a0<strong>el operativo lo ejecut\u00f3 la Polic\u00eda Nacional, la tarde de este viernes 13 de marzo de 2026.<\/strong><\/p>\n<p>El magistrado hab\u00eda liberado, en enero de 2026, mediante un habeas corpus correctivo, a alias Od\u00edn, socio del narco serbio Jezdimir Srdan. En enero pasado, el Consejo de la Judicatura lo hab\u00eda suspendido por tres meses sin sueldo por haber actuado sin competencia.<\/p>\n<p>Tambi\u00e9n en enero, la Corte Constitucional y la Corte de Justicia del Guayas determinaron que el mencionado habeas corpus correctivo no deb\u00eda ser conocido por un juez de primer nivel, sino por las salas de la Corte Provincial.<\/p>\n<p>Reimberg acompa\u00f1\u00f3 las fotos del operativo con el siguiente mensaje: \u00abLo advertimos y lo estamos cumpliendo: iremos con toda la fuerza contra los jueces que protegen a los criminales o utilizan la justicia para favorecer a las mafias\u00bb, expres\u00f3 el Ministro.<\/p>\n<p>Srdan<br \/>\nReimberg concluy\u00f3 su mensaje con una advertencia \u00abLos delincuentes deben permanecer en prisi\u00f3n y que las autoridades tambi\u00e9n investigar\u00e1n a quienes los protejan o faciliten su liberaci\u00f3n\u00ab, dijo.<\/p>\n<p>En el caso \u00abAlias Od\u00edn\u00bb, en enero de 2026, la Corte de Justicia declar\u00f3 la nulidad de una boleta de excarcelaci\u00f3n emitida por Tapia V\u00e9lez a favor de un presunto cabecilla de una red de narcotr\u00e1fico internacional.<\/p>\n<p>Debido a irregularidades en el caso mencionado, el Consejo de la Judicatura fue notificado para iniciar un sumario disciplinario en su contra por \u00aberror inexcusable\u00bb, lo que conllev\u00f3 sanciones administrativas. (I)<\/p>\n","protected":false},"excerpt":{"rendered":"<p>El ministro del Interior,\u00a0John Reimberg, ha informado que la Polic\u00eda detuvo al juez de Garant\u00edas Penales de\u00a0Guayaquil, \u00c1ngel Enrique Tapia V\u00e9lez, a quien ha acusado del\u00a0delito de tr\u00e1fico de influencias.\u00a0Seg\u00fan indic\u00f3,\u00a0el operativo lo ejecut\u00f3 la Polic\u00eda Nacional, la tarde de este viernes 13 de marzo de 2026. El magistrado hab\u00eda liberado, en enero de 2026, [&hellip;]<\/p>\n","protected":false},"author":1,"featured_media":20200,"comment_status":"open","ping_status":"open","sticky":false,"template":"","format":"standard","meta":{"footnotes":""},"categories":[12],"tags":[],"_links":{"self":[{"href":"https:\/\/infozamoraec.com\/index.php\/wp-json\/wp\/v2\/posts\/20199"}],"collection":[{"href":"https:\/\/infozamoraec.com\/index.php\/wp-json\/wp\/v2\/posts"}],"about":[{"href":"https:\/\/infozamoraec.com\/index.php\/wp-json\/wp\/v2\/types\/post"}],"author":[{"embeddable":true,"href":"https:\/\/infozamoraec.com\/index.php\/wp-json\/wp\/v2\/users\/1"}],"replies":[{"embeddable":true,"href":"https:\/\/infozamoraec.com\/index.php\/wp-json\/wp\/v2\/comments?post=20199"}],"version-history":[{"count":2,"href":"https:\/\/infozamoraec.com\/index.php\/wp-json\/wp\/v2\/posts\/20199\/revisions"}],"predecessor-version":[{"id":20202,"href":"https:\/\/infozamoraec.com\/index.php\/wp-json\/wp\/v2\/posts\/20199\/revisions\/20202"}],"wp:featuredmedia":[{"embeddable":true,"href":"https:\/\/infozamoraec.com\/index.php\/wp-json\/wp\/v2\/media\/20200"}],"wp:attachment":[{"href":"https:\/\/infozamoraec.com\/index.php\/wp-json\/wp\/v2\/media?parent=20199"}],"wp:term":[{"taxonomy":"category","embeddable":true,"href":"https:\/\/infozamoraec.com\/index.php\/wp-json\/wp\/v2\/categories?post=20199"},{"taxonomy":"post_tag","embeddable":true,"href":"https:\/\/infozamoraec.com\/index.php\/wp-json\/wp\/v2\/tags?post=20199"}],"curies":[{"name":"wp","href":"https:\/\/api.w.org\/{rel}","templated":true}]}}