{"id":20196,"date":"2026-03-14T01:24:31","date_gmt":"2026-03-14T01:24:31","guid":{"rendered":"https:\/\/infozamoraec.com\/?p=20196"},"modified":"2026-03-14T01:24:31","modified_gmt":"2026-03-14T01:24:31","slug":"el-53-de-las-exportaciones-de-ecuador-entraran-a-eeuu-sin-arancel-tras-firma-de-acuerdo","status":"publish","type":"post","link":"https:\/\/infozamoraec.com\/index.php\/2026\/03\/14\/el-53-de-las-exportaciones-de-ecuador-entraran-a-eeuu-sin-arancel-tras-firma-de-acuerdo\/","title":{"rendered":"El 53% de las exportaciones de Ecuador entrar\u00e1n a EEUU sin arancel tras firma de acuerdo"},"content":{"rendered":"<p>Ecuador y Estados Unidos firmaron la tarde de este viernes 13 de marzo, en Washington, Estados Unidos, el Acuerdo de Comercio Rec\u00edproco (ART). El ministro de Producci\u00f3n, Luis Alberto Jaramillo, suscribi\u00f3 el acuerdo, por parte de Ecuador.<\/p>\n<p>\u00abEl impacto del acuerdo es inmediato y concreto. Productos como aguacate, pi\u00f1a, mango, pitahaya, jengibre, uvilla, pl\u00e1tano, banano, entre otros, ingresar\u00e1n al mercado estadounidense en condiciones m\u00e1s competitivas\u00bb, dijo Jaramillo.<\/p>\n<p>\u00abSe suman cacao y caf\u00e9 en grano y procesados, palmito, as\u00ed como productos pesqueros y sus preparaciones, rubros que representan millones de familias y comunidades del pa\u00eds. El ART tambi\u00e9n incluye al oro, cobre y plomo en la categor\u00eda de minerales estrat\u00e9gicos beneficiados, junto con productos agroindustriales procesados, diversas manufacturas industriales y el sector forestal y maderero. Contempla adem\u00e1s el levantamiento de sobretasas a 1.673 subpartidas adicionales, sembrando el terreno para que Ecuador diversifique y ampl\u00ede su canasta exportadora hacia uno de los mercados m\u00e1s grandes y exigentes\u00bb continu\u00f3 el ministro.<\/p>\n<p>Una vez que entre en vigencia, el 53% de las exportaciones no petroleras hacia Estados Unidos quedar\u00e1n exoneradas de la sobretasa arancelaria, impuesta desde abril de 2025.<\/p>\n<p>Las n<strong>egociaciones de este acuerdo de comercio rec\u00edproco concluyeron a mediados de febrero de 2025, tras nueve meses y ocho rondas de negociaciones.\u00a0<\/strong><\/p>\n<p>De su lado, el presidente<strong>\u00a0Daniel Noboa tambi\u00e9n inform\u00f3 del acuerdo:<\/strong><\/p>\n<p>\u00abEcuador ten\u00eda dos caminos: quedarse quieto o ir a buscar mejores condiciones. Elegimos lo segundo. Firmamos con\u00a0<strong>Estados Unidos un Acuerdo de Comercio Rec\u00edproco que elimina la sobretasa arancelaria que afectaba a los productos ecuatorianos\u00bb, expres\u00f3. (I)<\/strong><\/p>\n","protected":false},"excerpt":{"rendered":"<p>Ecuador y Estados Unidos firmaron la tarde de este viernes 13 de marzo, en Washington, Estados Unidos, el Acuerdo de Comercio Rec\u00edproco (ART). El ministro de Producci\u00f3n, Luis Alberto Jaramillo, suscribi\u00f3 el acuerdo, por parte de Ecuador. \u00abEl impacto del acuerdo es inmediato y concreto. Productos como aguacate, pi\u00f1a, mango, pitahaya, jengibre, uvilla, pl\u00e1tano, banano, [&hellip;]<\/p>\n","protected":false},"author":1,"featured_media":20197,"comment_status":"open","ping_status":"open","sticky":false,"template":"","format":"standard","meta":{"footnotes":""},"categories":[12],"tags":[],"_links":{"self":[{"href":"https:\/\/infozamoraec.com\/index.php\/wp-json\/wp\/v2\/posts\/20196"}],"collection":[{"href":"https:\/\/infozamoraec.com\/index.php\/wp-json\/wp\/v2\/posts"}],"about":[{"href":"https:\/\/infozamoraec.com\/index.php\/wp-json\/wp\/v2\/types\/post"}],"author":[{"embeddable":true,"href":"https:\/\/infozamoraec.com\/index.php\/wp-json\/wp\/v2\/users\/1"}],"replies":[{"embeddable":true,"href":"https:\/\/infozamoraec.com\/index.php\/wp-json\/wp\/v2\/comments?post=20196"}],"version-history":[{"count":1,"href":"https:\/\/infozamoraec.com\/index.php\/wp-json\/wp\/v2\/posts\/20196\/revisions"}],"predecessor-version":[{"id":20198,"href":"https:\/\/infozamoraec.com\/index.php\/wp-json\/wp\/v2\/posts\/20196\/revisions\/20198"}],"wp:featuredmedia":[{"embeddable":true,"href":"https:\/\/infozamoraec.com\/index.php\/wp-json\/wp\/v2\/media\/20197"}],"wp:attachment":[{"href":"https:\/\/infozamoraec.com\/index.php\/wp-json\/wp\/v2\/media?parent=20196"}],"wp:term":[{"taxonomy":"category","embeddable":true,"href":"https:\/\/infozamoraec.com\/index.php\/wp-json\/wp\/v2\/categories?post=20196"},{"taxonomy":"post_tag","embeddable":true,"href":"https:\/\/infozamoraec.com\/index.php\/wp-json\/wp\/v2\/tags?post=20196"}],"curies":[{"name":"wp","href":"https:\/\/api.w.org\/{rel}","templated":true}]}}