{"id":20190,"date":"2026-03-14T01:20:42","date_gmt":"2026-03-14T01:20:42","guid":{"rendered":"https:\/\/infozamoraec.com\/?p=20190"},"modified":"2026-03-14T01:20:42","modified_gmt":"2026-03-14T01:20:42","slug":"toque-de-queda-en-ecuador-gobierno-emite-decreto-y-detalla-restricciones","status":"publish","type":"post","link":"https:\/\/infozamoraec.com\/index.php\/2026\/03\/14\/toque-de-queda-en-ecuador-gobierno-emite-decreto-y-detalla-restricciones\/","title":{"rendered":"Toque de queda en Ecuador: Gobierno emite decreto y detalla restricciones"},"content":{"rendered":"<p>A dos d\u00edas de que entre en vigencia la restricci\u00f3n anunciada por el Gobierno, finalmente se public\u00f3 el decreto ejecutivo que establece un toque de queda nocturno en varias provincias del pa\u00eds. La medida fue firmada por el presidente Daniel Noboa como una reforma al estado de excepci\u00f3n vigente por grave conmoci\u00f3n interna.<\/p>\n<p>El decreto establece la suspensi\u00f3n del derecho a la libertad de tr\u00e1nsito entre las 23:00 y las 05:00, lo que se traduce en un toque de queda en las provincias de Guayas, Los R\u00edos, El Oro y Santo Domingo de los Ts\u00e1chilas. La restricci\u00f3n se aplicar\u00e1 dentro del marco del estado de excepci\u00f3n y busca facilitar los operativos de las fuerzas de seguridad contra las estructuras del crimen organizado.<\/p>\n<p>El argumento del Gobierno para aplicar la medida<br \/>\nSeg\u00fan los informes t\u00e9cnicos citados en el decreto, la mayor\u00eda de homicidios, ataques armados y otros delitos violentos se concentran en la franja horaria entre las 23:00 y las 05:00, periodo en el que operan con mayor intensidad las organizaciones criminales.<\/p>\n<p>Datos presentados por el Ministerio del Interior indican que entre enero y febrero de 2026 los homicidios registrados en ese horario aumentaron 25 % a nivel nacional, con incrementos significativos en provincias como Guayas, Los R\u00edos y El Oro.<\/p>\n<p>Qui\u00e9nes podr\u00e1n circular durante el toque de queda<br \/>\nEl decreto establece excepciones para ciertos sectores. Podr\u00e1n movilizarse durante el horario restringido personal de la red nacional de salud p\u00fablica y privada, as\u00ed como miembros de la fuerza p\u00fablica, entidades de seguridad, gesti\u00f3n de riesgos, emergencias y desastres.<\/p>\n<p>Babahoyo tendr\u00e1 toque de queda: cu\u00e1ndo comienza, hasta cu\u00e1ndo durar\u00e1 y los horarios<\/p>\n<p>Las personas que se encuentren dentro de estas excepciones deber\u00e1n acreditar su actividad con documentos o credenciales ante autoridades como Polic\u00eda Nacional, Fuerzas Armadas o agentes de tr\u00e1nsito, quienes estar\u00e1n facultados para realizar controles durante el horario de restricci\u00f3n.<\/p>\n<p>Medida se aplica dentro del estado de excepci\u00f3n<br \/>\nLa disposici\u00f3n se integra al estado de excepci\u00f3n declarado previamente mediante el Decreto 277 y renovado a trav\u00e9s del Decreto 311. Adem\u00e1s, el decreto ordena que la aplicaci\u00f3n de medidas como la inviolabilidad de domicilio, correspondencia y libertad de tr\u00e1nsito se realice conforme a los par\u00e1metros establecidos por la jurisprudencia de la Corte Constitucional.<\/p>\n<p>El decreto entrar\u00e1 en vigencia a partir de las 00:00 del 15 de marzo de 2026.<\/p>\n","protected":false},"excerpt":{"rendered":"<p>A dos d\u00edas de que entre en vigencia la restricci\u00f3n anunciada por el Gobierno, finalmente se public\u00f3 el decreto ejecutivo que establece un toque de queda nocturno en varias provincias del pa\u00eds. La medida fue firmada por el presidente Daniel Noboa como una reforma al estado de excepci\u00f3n vigente por grave conmoci\u00f3n interna. El decreto [&hellip;]<\/p>\n","protected":false},"author":1,"featured_media":20191,"comment_status":"open","ping_status":"open","sticky":false,"template":"","format":"standard","meta":{"footnotes":""},"categories":[12],"tags":[],"_links":{"self":[{"href":"https:\/\/infozamoraec.com\/index.php\/wp-json\/wp\/v2\/posts\/20190"}],"collection":[{"href":"https:\/\/infozamoraec.com\/index.php\/wp-json\/wp\/v2\/posts"}],"about":[{"href":"https:\/\/infozamoraec.com\/index.php\/wp-json\/wp\/v2\/types\/post"}],"author":[{"embeddable":true,"href":"https:\/\/infozamoraec.com\/index.php\/wp-json\/wp\/v2\/users\/1"}],"replies":[{"embeddable":true,"href":"https:\/\/infozamoraec.com\/index.php\/wp-json\/wp\/v2\/comments?post=20190"}],"version-history":[{"count":1,"href":"https:\/\/infozamoraec.com\/index.php\/wp-json\/wp\/v2\/posts\/20190\/revisions"}],"predecessor-version":[{"id":20192,"href":"https:\/\/infozamoraec.com\/index.php\/wp-json\/wp\/v2\/posts\/20190\/revisions\/20192"}],"wp:featuredmedia":[{"embeddable":true,"href":"https:\/\/infozamoraec.com\/index.php\/wp-json\/wp\/v2\/media\/20191"}],"wp:attachment":[{"href":"https:\/\/infozamoraec.com\/index.php\/wp-json\/wp\/v2\/media?parent=20190"}],"wp:term":[{"taxonomy":"category","embeddable":true,"href":"https:\/\/infozamoraec.com\/index.php\/wp-json\/wp\/v2\/categories?post=20190"},{"taxonomy":"post_tag","embeddable":true,"href":"https:\/\/infozamoraec.com\/index.php\/wp-json\/wp\/v2\/tags?post=20190"}],"curies":[{"name":"wp","href":"https:\/\/api.w.org\/{rel}","templated":true}]}}