{"id":20187,"date":"2026-03-14T01:17:47","date_gmt":"2026-03-14T01:17:47","guid":{"rendered":"https:\/\/infozamoraec.com\/?p=20187"},"modified":"2026-03-14T01:17:47","modified_gmt":"2026-03-14T01:17:47","slug":"san-francisco-del-vergel-celebro-39-anos-de-parroquializacion","status":"publish","type":"post","link":"https:\/\/infozamoraec.com\/index.php\/2026\/03\/14\/san-francisco-del-vergel-celebro-39-anos-de-parroquializacion\/","title":{"rendered":"San Francisco del Vergel celebr\u00f3 39 a\u00f1os de parroquializaci\u00f3n"},"content":{"rendered":"<p>La parroquia San Francisco del Vergel, perteneciente al cant\u00f3n Palanda, conmemor\u00f3 este 12 de marzo de 2026 sus 39 a\u00f1os de parroquializaci\u00f3n con una programaci\u00f3n c\u00edvica que reuni\u00f3 a autoridades, instituciones y moradores en un ambiente de celebraci\u00f3n y unidad.<\/p>\n<p>Las actividades iniciaron con un desfile c\u00edvico en el que participaron delegaciones estudiantiles, organizaciones sociales y autoridades del cant\u00f3n Palanda. Durante el recorrido por las principales calles de la parroquia, los participantes rindieron homenaje a la historia, cultura y al trabajo de sus habitantes.<\/p>\n<p>Posteriormente se desarroll\u00f3 la sesi\u00f3n solemne, acto protocolario en el que se destac\u00f3 el proceso de crecimiento y desarrollo que ha experimentado San Francisco del Vergel a lo largo de casi cuatro d\u00e9cadas. En el evento participaron representantes del Gobierno Aut\u00f3nomo Descentralizado Municipal de Palanda, autoridades de otras parroquias del cant\u00f3n, delegados institucionales y ciudadan\u00eda en general.<\/p>\n<p>Durante la ceremonia tambi\u00e9n se realiz\u00f3 la entrega de placas de reconocimiento a personas e instituciones que han contribuido al progreso de la parroquia, resaltando su compromiso con el fortalecimiento y bienestar de la comunidad.<\/p>\n<p>Con estas actividades, los habitantes de San Francisco del Vergel recordaron su trayectoria hist\u00f3rica y renovaron su compromiso de continuar impulsando el desarrollo de la parroquia<\/p>\n","protected":false},"excerpt":{"rendered":"<p>La parroquia San Francisco del Vergel, perteneciente al cant\u00f3n Palanda, conmemor\u00f3 este 12 de marzo de 2026 sus 39 a\u00f1os de parroquializaci\u00f3n con una programaci\u00f3n c\u00edvica que reuni\u00f3 a autoridades, instituciones y moradores en un ambiente de celebraci\u00f3n y unidad. Las actividades iniciaron con un desfile c\u00edvico en el que participaron delegaciones estudiantiles, organizaciones sociales [&hellip;]<\/p>\n","protected":false},"author":1,"featured_media":20188,"comment_status":"open","ping_status":"open","sticky":false,"template":"","format":"standard","meta":{"footnotes":""},"categories":[9],"tags":[],"_links":{"self":[{"href":"https:\/\/infozamoraec.com\/index.php\/wp-json\/wp\/v2\/posts\/20187"}],"collection":[{"href":"https:\/\/infozamoraec.com\/index.php\/wp-json\/wp\/v2\/posts"}],"about":[{"href":"https:\/\/infozamoraec.com\/index.php\/wp-json\/wp\/v2\/types\/post"}],"author":[{"embeddable":true,"href":"https:\/\/infozamoraec.com\/index.php\/wp-json\/wp\/v2\/users\/1"}],"replies":[{"embeddable":true,"href":"https:\/\/infozamoraec.com\/index.php\/wp-json\/wp\/v2\/comments?post=20187"}],"version-history":[{"count":1,"href":"https:\/\/infozamoraec.com\/index.php\/wp-json\/wp\/v2\/posts\/20187\/revisions"}],"predecessor-version":[{"id":20189,"href":"https:\/\/infozamoraec.com\/index.php\/wp-json\/wp\/v2\/posts\/20187\/revisions\/20189"}],"wp:featuredmedia":[{"embeddable":true,"href":"https:\/\/infozamoraec.com\/index.php\/wp-json\/wp\/v2\/media\/20188"}],"wp:attachment":[{"href":"https:\/\/infozamoraec.com\/index.php\/wp-json\/wp\/v2\/media?parent=20187"}],"wp:term":[{"taxonomy":"category","embeddable":true,"href":"https:\/\/infozamoraec.com\/index.php\/wp-json\/wp\/v2\/categories?post=20187"},{"taxonomy":"post_tag","embeddable":true,"href":"https:\/\/infozamoraec.com\/index.php\/wp-json\/wp\/v2\/tags?post=20187"}],"curies":[{"name":"wp","href":"https:\/\/api.w.org\/{rel}","templated":true}]}}