{"id":20184,"date":"2026-03-13T23:42:52","date_gmt":"2026-03-13T23:42:52","guid":{"rendered":"https:\/\/infozamoraec.com\/?p=20184"},"modified":"2026-03-13T23:42:52","modified_gmt":"2026-03-13T23:42:52","slug":"mineros-y-sectores-productivos-marcharon-en-zamora-para-exigir-atencion-del-gobierno","status":"publish","type":"post","link":"https:\/\/infozamoraec.com\/index.php\/2026\/03\/13\/mineros-y-sectores-productivos-marcharon-en-zamora-para-exigir-atencion-del-gobierno\/","title":{"rendered":"Mineros y sectores productivos marcharon en Zamora para exigir atenci\u00f3n del Gobierno"},"content":{"rendered":"<p data-start=\"90\" data-end=\"429\">Tal como hab\u00eda sido anunciado d\u00edas atr\u00e1s, diversos sectores sociales y productivos de la provincia de <span class=\"hover:entity-accent entity-underline inline cursor-pointer align-baseline\"><span class=\"whitespace-normal\">Zamora Chinchipe<\/span><\/span> protagonizaron una <strong data-start=\"249\" data-end=\"322\">marcha pac\u00edfica en la ciudad de <span class=\"hover:entity-accent entity-underline inline cursor-pointer align-baseline\"><span class=\"whitespace-normal\">Zamora<\/span><\/span><\/strong> para exigir al Gobierno Nacional respuestas frente a las necesidades econ\u00f3micas y sociales del territorio.<\/p>\n<p data-start=\"431\" data-end=\"800\">La movilizaci\u00f3n cont\u00f3 con una <strong data-start=\"461\" data-end=\"508\">participaci\u00f3n mayoritaria del sector minero<\/strong> y se inici\u00f3 en el <span class=\"hover:entity-accent entity-underline inline cursor-pointer align-baseline\"><span class=\"whitespace-normal\">Redondel de la Etnia Shuar<\/span><\/span>, desde donde los manifestantes recorrieron las principales calles hasta llegar al <strong data-start=\"647\" data-end=\"665\">parque Central<\/strong>, ubic\u00e1ndose posteriormente frente a la <span class=\"hover:entity-accent entity-underline inline cursor-pointer align-baseline\"><span class=\"whitespace-normal\">Gobernaci\u00f3n de Zamora Chinchipe<\/span><\/span> para solicitar la presencia de la delegada del Ejecutivo.<\/p>\n<p data-start=\"802\" data-end=\"1206\">Durante la jornada, <strong data-start=\"822\" data-end=\"858\">efectivos de la Polic\u00eda Nacional<\/strong> resguardaron los accesos al edificio gubernamental. Los manifestantes portaban carteles en los que expresaban su rechazo a los operativos realizados en el <span class=\"hover:entity-accent entity-underline inline cursor-pointer align-baseline\"><span class=\"whitespace-normal\">Parque Nacional Podocarpus<\/span><\/span> y a los desalojos de zonas mineras como <span class=\"hover:entity-accent entity-underline inline cursor-pointer align-baseline\"><span class=\"whitespace-normal\">San Luis<\/span><\/span>, <span class=\"hover:entity-accent entity-underline inline cursor-pointer align-baseline\"><span class=\"whitespace-normal\">Dos Camas<\/span><\/span> y otros sectores de actividad minera.<\/p>\n<p data-start=\"1208\" data-end=\"1498\">Durante la protesta tambi\u00e9n se dirigieron cr\u00edticas a la asamble\u00edsta <span class=\"hover:entity-accent entity-underline inline cursor-pointer align-baseline\"><span class=\"whitespace-normal\">Esperanza Rogel<\/span><\/span>, a quien algunos manifestantes reclamaron por considerar que no ha respaldado los procesos de regularizaci\u00f3n minera que, seg\u00fan indicaron, fueron ofrecidos durante la campa\u00f1a electoral.<\/p>\n<p data-start=\"1500\" data-end=\"1769\">Los participantes solicitaron la presencia de la gobernadora para establecer un di\u00e1logo; sin embargo, <strong data-start=\"1602\" data-end=\"1674\">tras cerca de tres horas de movilizaci\u00f3n no se concret\u00f3 un encuentro<\/strong>, y hasta el cierre de esta nota no se hab\u00eda instalado una mesa de di\u00e1logo con las autoridades.<\/p>\n<p data-start=\"1771\" data-end=\"2129\">A la marcha tambi\u00e9n se sumaron <strong data-start=\"1802\" data-end=\"1871\">autoridades locales y representantes de otros sectores econ\u00f3micos<\/strong>. Entre ellos estuvieron concejales de cantones como <span class=\"hover:entity-accent entity-underline inline cursor-pointer align-baseline\"><span class=\"whitespace-normal\">Nangaritza<\/span><\/span>, as\u00ed como comerciantes que aseguran verse afectados por la disminuci\u00f3n de la actividad minera, la cual \u2014seg\u00fan indicaron\u2014 dinamiza gran parte de la econom\u00eda provincial.<\/p>\n<p data-start=\"2131\" data-end=\"2419\">Durante su intervenci\u00f3n, el presidente de la <span class=\"hover:entity-accent entity-underline inline cursor-pointer align-baseline\"><span class=\"whitespace-normal\">C\u00e1mara de Miner\u00eda de Zamora Chinchipe<\/span><\/span>, <span class=\"hover:entity-accent entity-underline inline cursor-pointer align-baseline\"><span class=\"whitespace-normal\">Pa\u00fal Pineda<\/span><\/span>, manifest\u00f3 que esperan que el Gobierno Nacional <strong data-start=\"2303\" data-end=\"2348\">deje de criminalizar a la peque\u00f1a miner\u00eda<\/strong> y abra espacios de di\u00e1logo para avanzar en procesos de regularizaci\u00f3n.<\/p>\n<p data-start=\"2421\" data-end=\"2732\" data-is-last-node=\"\" data-is-only-node=\"\">Por su parte, <span class=\"hover:entity-accent entity-underline inline cursor-pointer align-baseline\"><span class=\"whitespace-normal\">Paul Ortiz<\/span><\/span>, presidente del <span class=\"hover:entity-accent entity-underline inline cursor-pointer align-baseline\"><span class=\"whitespace-normal\">Colegio de Periodistas de Zamora Chinchipe<\/span><\/span>, se\u00f1al\u00f3 que la provincia aporta significativamente al pa\u00eds a trav\u00e9s de <strong data-start=\"2602\" data-end=\"2626\">impuestos y regal\u00edas<\/strong>, pero que ese aporte \u2014seg\u00fan afirm\u00f3\u2014 no se refleja en obras y proyectos para el desarrollo del territorio.<\/p>\n","protected":false},"excerpt":{"rendered":"<p>Tal como hab\u00eda sido anunciado d\u00edas atr\u00e1s, diversos sectores sociales y productivos de la provincia de Zamora Chinchipe protagonizaron una marcha pac\u00edfica en la ciudad de Zamora para exigir al Gobierno Nacional respuestas frente a las necesidades econ\u00f3micas y sociales del territorio. La movilizaci\u00f3n cont\u00f3 con una participaci\u00f3n mayoritaria del sector minero y se inici\u00f3 [&hellip;]<\/p>\n","protected":false},"author":1,"featured_media":20185,"comment_status":"open","ping_status":"open","sticky":false,"template":"","format":"standard","meta":{"footnotes":""},"categories":[9],"tags":[],"_links":{"self":[{"href":"https:\/\/infozamoraec.com\/index.php\/wp-json\/wp\/v2\/posts\/20184"}],"collection":[{"href":"https:\/\/infozamoraec.com\/index.php\/wp-json\/wp\/v2\/posts"}],"about":[{"href":"https:\/\/infozamoraec.com\/index.php\/wp-json\/wp\/v2\/types\/post"}],"author":[{"embeddable":true,"href":"https:\/\/infozamoraec.com\/index.php\/wp-json\/wp\/v2\/users\/1"}],"replies":[{"embeddable":true,"href":"https:\/\/infozamoraec.com\/index.php\/wp-json\/wp\/v2\/comments?post=20184"}],"version-history":[{"count":1,"href":"https:\/\/infozamoraec.com\/index.php\/wp-json\/wp\/v2\/posts\/20184\/revisions"}],"predecessor-version":[{"id":20186,"href":"https:\/\/infozamoraec.com\/index.php\/wp-json\/wp\/v2\/posts\/20184\/revisions\/20186"}],"wp:featuredmedia":[{"embeddable":true,"href":"https:\/\/infozamoraec.com\/index.php\/wp-json\/wp\/v2\/media\/20185"}],"wp:attachment":[{"href":"https:\/\/infozamoraec.com\/index.php\/wp-json\/wp\/v2\/media?parent=20184"}],"wp:term":[{"taxonomy":"category","embeddable":true,"href":"https:\/\/infozamoraec.com\/index.php\/wp-json\/wp\/v2\/categories?post=20184"},{"taxonomy":"post_tag","embeddable":true,"href":"https:\/\/infozamoraec.com\/index.php\/wp-json\/wp\/v2\/tags?post=20184"}],"curies":[{"name":"wp","href":"https:\/\/api.w.org\/{rel}","templated":true}]}}