{"id":20180,"date":"2026-03-13T23:30:17","date_gmt":"2026-03-13T23:30:17","guid":{"rendered":"https:\/\/infozamoraec.com\/?p=20180"},"modified":"2026-03-13T23:30:17","modified_gmt":"2026-03-13T23:30:17","slug":"zamora-chinchipe-participa-en-encuentro-regional-sobre-cafe-sostenible","status":"publish","type":"post","link":"https:\/\/infozamoraec.com\/index.php\/2026\/03\/13\/zamora-chinchipe-participa-en-encuentro-regional-sobre-cafe-sostenible\/","title":{"rendered":"Zamora Chinchipe participa en encuentro regional sobre caf\u00e9 sostenible"},"content":{"rendered":"<p>La provincia de Zamora Chinchipe participa en el Encuentro Regional de Caf\u00e9 Sostenible y Libre de Deforestaci\u00f3n, un espacio orientado a intercambiar experiencias y fortalecer pr\u00e1cticas de producci\u00f3n responsables con el ambiente.<\/p>\n<p>En este evento intervienen t\u00e9cnicos de AGROPZACHIN EP, quienes representan a la provincia en esta jornada organizada por Rikolto, a trav\u00e9s del proyecto CREA, iniciativa que promueve una caficultura sostenible en la regi\u00f3n.<\/p>\n<p>Durante el encuentro, Zamora Chinchipe expone los avances alcanzados como territorio exportador de caf\u00e9 de altura y libre de deforestaci\u00f3n, destacando el trabajo desarrollado por organizaciones productoras como ACRIM, APECAP y APEOSAE. Estas asociaciones han logrado posicionar el caf\u00e9 de la provincia en mercados internacionales especializados, gracias a su calidad y a sus procesos de producci\u00f3n sostenibles.<\/p>\n<p>Las autoridades y t\u00e9cnicos se\u00f1alaron que este trabajo contribuye a consolidar a Zamora Chinchipe como referente en producci\u00f3n de caf\u00e9 sostenible, demostrando que es posible impulsar una caficultura competitiva mientras se protege el ecosistema de los bosques amaz\u00f3nicos<\/p>\n","protected":false},"excerpt":{"rendered":"<p>La provincia de Zamora Chinchipe participa en el Encuentro Regional de Caf\u00e9 Sostenible y Libre de Deforestaci\u00f3n, un espacio orientado a intercambiar experiencias y fortalecer pr\u00e1cticas de producci\u00f3n responsables con el ambiente. En este evento intervienen t\u00e9cnicos de AGROPZACHIN EP, quienes representan a la provincia en esta jornada organizada por Rikolto, a trav\u00e9s del proyecto [&hellip;]<\/p>\n","protected":false},"author":1,"featured_media":20181,"comment_status":"open","ping_status":"open","sticky":false,"template":"","format":"standard","meta":{"footnotes":""},"categories":[9],"tags":[],"_links":{"self":[{"href":"https:\/\/infozamoraec.com\/index.php\/wp-json\/wp\/v2\/posts\/20180"}],"collection":[{"href":"https:\/\/infozamoraec.com\/index.php\/wp-json\/wp\/v2\/posts"}],"about":[{"href":"https:\/\/infozamoraec.com\/index.php\/wp-json\/wp\/v2\/types\/post"}],"author":[{"embeddable":true,"href":"https:\/\/infozamoraec.com\/index.php\/wp-json\/wp\/v2\/users\/1"}],"replies":[{"embeddable":true,"href":"https:\/\/infozamoraec.com\/index.php\/wp-json\/wp\/v2\/comments?post=20180"}],"version-history":[{"count":2,"href":"https:\/\/infozamoraec.com\/index.php\/wp-json\/wp\/v2\/posts\/20180\/revisions"}],"predecessor-version":[{"id":20183,"href":"https:\/\/infozamoraec.com\/index.php\/wp-json\/wp\/v2\/posts\/20180\/revisions\/20183"}],"wp:featuredmedia":[{"embeddable":true,"href":"https:\/\/infozamoraec.com\/index.php\/wp-json\/wp\/v2\/media\/20181"}],"wp:attachment":[{"href":"https:\/\/infozamoraec.com\/index.php\/wp-json\/wp\/v2\/media?parent=20180"}],"wp:term":[{"taxonomy":"category","embeddable":true,"href":"https:\/\/infozamoraec.com\/index.php\/wp-json\/wp\/v2\/categories?post=20180"},{"taxonomy":"post_tag","embeddable":true,"href":"https:\/\/infozamoraec.com\/index.php\/wp-json\/wp\/v2\/tags?post=20180"}],"curies":[{"name":"wp","href":"https:\/\/api.w.org\/{rel}","templated":true}]}}