{"id":20176,"date":"2026-03-13T23:28:06","date_gmt":"2026-03-13T23:28:06","guid":{"rendered":"https:\/\/infozamoraec.com\/?p=20176"},"modified":"2026-03-13T23:28:06","modified_gmt":"2026-03-13T23:28:06","slug":"sindicato-de-choferes-participo-en-feria-de-seguridad-ciudadana","status":"publish","type":"post","link":"https:\/\/infozamoraec.com\/index.php\/2026\/03\/13\/sindicato-de-choferes-participo-en-feria-de-seguridad-ciudadana\/","title":{"rendered":"Sindicato de Choferes particip\u00f3 en Feria de Seguridad Ciudadana"},"content":{"rendered":"<p data-start=\"96\" data-end=\"381\">El <span class=\"hover:entity-accent entity-underline inline cursor-pointer align-baseline\"><span class=\"whitespace-normal\">Sindicato de Choferes Profesionales de Zamora Chinchipe<\/span><\/span> particip\u00f3 en la <strong data-start=\"153\" data-end=\"185\">Feria de Seguridad Ciudadana<\/strong> realizada en la parroquia <span class=\"hover:entity-accent entity-underline inline cursor-pointer align-baseline\"><span class=\"whitespace-normal\">San Carlos de las Minas<\/span><\/span>, cant\u00f3n <span class=\"hover:entity-accent entity-underline inline cursor-pointer align-baseline\"><span class=\"whitespace-normal\">Zamora<\/span><\/span>, actividad orientada a fortalecer la prevenci\u00f3n y la educaci\u00f3n en temas de seguridad.<\/p>\n<p data-start=\"383\" data-end=\"724\">La delegaci\u00f3n del sindicato estuvo encabezada por su secretario general, <span class=\"hover:entity-accent entity-underline inline cursor-pointer align-baseline\"><span class=\"whitespace-normal\">Mauricio Rivera<\/span><\/span>, junto a personal de la instituci\u00f3n, quienes se sumaron a esta jornada organizada por la Polic\u00eda Comunitaria con el prop\u00f3sito de promover el trabajo interinstitucional y la formaci\u00f3n ciudadana, especialmente entre ni\u00f1os y j\u00f3venes.<\/p>\n<p data-start=\"726\" data-end=\"994\">Durante el evento, el sindicato instal\u00f3 un <strong data-start=\"769\" data-end=\"808\">stand informativo de educaci\u00f3n vial<\/strong>, donde se realizaron demostraciones pr\u00e1cticas y actividades participativas destinadas a concienciar sobre la importancia del respeto a las normas de tr\u00e1nsito y la seguridad en las v\u00edas.<\/p>\n<p data-start=\"996\" data-end=\"1316\">Una de las din\u00e1micas que m\u00e1s llam\u00f3 la atenci\u00f3n de los asistentes fue la utilizaci\u00f3n de <strong data-start=\"1083\" data-end=\"1138\">lentes especiales que simulan el estado de ebriedad<\/strong>, permitiendo a los participantes experimentar las dificultades de coordinaci\u00f3n, visi\u00f3n y tiempo de reacci\u00f3n que puede tener una persona bajo los efectos del alcohol al conducir.<\/p>\n","protected":false},"excerpt":{"rendered":"<p>El Sindicato de Choferes Profesionales de Zamora Chinchipe particip\u00f3 en la Feria de Seguridad Ciudadana realizada en la parroquia San Carlos de las Minas, cant\u00f3n Zamora, actividad orientada a fortalecer la prevenci\u00f3n y la educaci\u00f3n en temas de seguridad. La delegaci\u00f3n del sindicato estuvo encabezada por su secretario general, Mauricio Rivera, junto a personal de [&hellip;]<\/p>\n","protected":false},"author":1,"featured_media":20177,"comment_status":"open","ping_status":"open","sticky":false,"template":"","format":"standard","meta":{"footnotes":""},"categories":[9],"tags":[],"_links":{"self":[{"href":"https:\/\/infozamoraec.com\/index.php\/wp-json\/wp\/v2\/posts\/20176"}],"collection":[{"href":"https:\/\/infozamoraec.com\/index.php\/wp-json\/wp\/v2\/posts"}],"about":[{"href":"https:\/\/infozamoraec.com\/index.php\/wp-json\/wp\/v2\/types\/post"}],"author":[{"embeddable":true,"href":"https:\/\/infozamoraec.com\/index.php\/wp-json\/wp\/v2\/users\/1"}],"replies":[{"embeddable":true,"href":"https:\/\/infozamoraec.com\/index.php\/wp-json\/wp\/v2\/comments?post=20176"}],"version-history":[{"count":2,"href":"https:\/\/infozamoraec.com\/index.php\/wp-json\/wp\/v2\/posts\/20176\/revisions"}],"predecessor-version":[{"id":20179,"href":"https:\/\/infozamoraec.com\/index.php\/wp-json\/wp\/v2\/posts\/20176\/revisions\/20179"}],"wp:featuredmedia":[{"embeddable":true,"href":"https:\/\/infozamoraec.com\/index.php\/wp-json\/wp\/v2\/media\/20177"}],"wp:attachment":[{"href":"https:\/\/infozamoraec.com\/index.php\/wp-json\/wp\/v2\/media?parent=20176"}],"wp:term":[{"taxonomy":"category","embeddable":true,"href":"https:\/\/infozamoraec.com\/index.php\/wp-json\/wp\/v2\/categories?post=20176"},{"taxonomy":"post_tag","embeddable":true,"href":"https:\/\/infozamoraec.com\/index.php\/wp-json\/wp\/v2\/tags?post=20176"}],"curies":[{"name":"wp","href":"https:\/\/api.w.org\/{rel}","templated":true}]}}